{"id":100002074,"date":"2018-10-09T21:45:38","date_gmt":"2018-10-10T00:45:38","guid":{"rendered":"https:\/\/ferrararing.com.br\/?p=100002074"},"modified":"2022-02-03T13:49:34","modified_gmt":"2022-02-03T16:49:34","slug":"ferrara-meetings-usp-2018","status":"publish","type":"post","link":"https:\/\/ferrararing.com.br\/medicos\/ferrara-meetings-usp-2018\/","title":{"rendered":"Ferrara Meetings USP 2018"},"content":{"rendered":"<p><div class=\"fusion-fullwidth fullwidth-box fusion-builder-row-1 fusion-flex-container nonhundred-percent-fullwidth non-hundred-percent-height-scrolling\" style=\"--awb-border-radius-top-left:0px;--awb-border-radius-top-right:0px;--awb-border-radius-bottom-right:0px;--awb-border-radius-bottom-left:0px;--awb-padding-top:50px;--awb-flex-wrap:wrap;\" ><div class=\"fusion-builder-row fusion-row fusion-flex-align-items-flex-start fusion-flex-content-wrap\" style=\"max-width:1248px;margin-left: calc(-4% \/ 2 );margin-right: calc(-4% \/ 2 );\"><div class=\"fusion-layout-column fusion_builder_column fusion-builder-column-0 fusion_builder_column_1_3 1_3 fusion-flex-column\" style=\"--awb-bg-size:cover;--awb-border-color:#ffeb3b;--awb-border-style:solid;--awb-width-large:33.333333333333%;--awb-margin-top-large:0px;--awb-spacing-right-large:5.76%;--awb-margin-bottom-large:20px;--awb-spacing-left-large:5.76%;--awb-width-medium:33.333333333333%;--awb-order-medium:0;--awb-spacing-right-medium:5.76%;--awb-spacing-left-medium:5.76%;--awb-width-small:100%;--awb-order-small:0;--awb-spacing-right-small:1.92%;--awb-spacing-left-small:1.92%;\"><div class=\"fusion-column-wrapper fusion-column-has-shadow fusion-flex-justify-content-flex-start fusion-content-layout-column\"><div class=\"fusion-title title fusion-title-1 fusion-title-center fusion-title-text fusion-title-size-one\" style=\"--awb-font-size:18px;\"><div class=\"title-sep-container title-sep-container-left\"><div class=\"title-sep sep-double sep-solid\" style=\"border-color:#e2e2e2;\"><\/div><\/div><span class=\"awb-title-spacer\"><\/span><h1 class=\"fusion-title-heading title-heading-center\" style=\"margin:0;font-size:1em;\"><p style=\"text-align: center\"><b>Diretores do Curso:<\/b>\u00a0Milton Ruiz Alves, Paulo Ferrara, Fl\u00e1vio Fernandes Villela<\/p><\/h1><span class=\"awb-title-spacer\"><\/span><div class=\"title-sep-container title-sep-container-right\"><div class=\"title-sep sep-double sep-solid\" style=\"border-color:#e2e2e2;\"><\/div><\/div><\/div><\/div><\/div><div class=\"fusion-layout-column fusion_builder_column fusion-builder-column-1 fusion_builder_column_1_3 1_3 fusion-flex-column\" style=\"--awb-bg-size:cover;--awb-border-color:#ffeb3b;--awb-border-style:solid;--awb-width-large:33.333333333333%;--awb-margin-top-large:0px;--awb-spacing-right-large:5.76%;--awb-margin-bottom-large:20px;--awb-spacing-left-large:5.76%;--awb-width-medium:33.333333333333%;--awb-order-medium:0;--awb-spacing-right-medium:5.76%;--awb-spacing-left-medium:5.76%;--awb-width-small:100%;--awb-order-small:0;--awb-spacing-right-small:1.92%;--awb-spacing-left-small:1.92%;\"><div class=\"fusion-column-wrapper fusion-column-has-shadow fusion-flex-justify-content-flex-start fusion-content-layout-column\"><div class=\"fusion-title title fusion-title-2 fusion-title-center fusion-title-text fusion-title-size-one\" style=\"--awb-font-size:18px;\"><div class=\"title-sep-container title-sep-container-left\"><div class=\"title-sep sep-double sep-solid\" style=\"border-color:#e2e2e2;\"><\/div><\/div><span class=\"awb-title-spacer\"><\/span><h1 class=\"fusion-title-heading title-heading-center\" style=\"margin:0;font-size:1em;\"><p style=\"text-align: center\"><b>Coordenadores do Curso:<\/b>\u00a0Fl\u00e1vio Fernandes Villela, Pablo Felipe Rodrigues, Veronica Bresciani<\/p><\/h1><span class=\"awb-title-spacer\"><\/span><div class=\"title-sep-container title-sep-container-right\"><div class=\"title-sep sep-double sep-solid\" style=\"border-color:#e2e2e2;\"><\/div><\/div><\/div><\/div><\/div><div class=\"fusion-layout-column fusion_builder_column fusion-builder-column-2 fusion_builder_column_1_3 1_3 fusion-flex-column\" style=\"--awb-bg-size:cover;--awb-border-color:#ffeb3b;--awb-border-style:solid;--awb-width-large:33.333333333333%;--awb-margin-top-large:0px;--awb-spacing-right-large:5.76%;--awb-margin-bottom-large:20px;--awb-spacing-left-large:5.76%;--awb-width-medium:33.333333333333%;--awb-order-medium:0;--awb-spacing-right-medium:5.76%;--awb-spacing-left-medium:5.76%;--awb-width-small:100%;--awb-order-small:0;--awb-spacing-right-small:1.92%;--awb-spacing-left-small:1.92%;\"><div class=\"fusion-column-wrapper fusion-column-has-shadow fusion-flex-justify-content-flex-start fusion-content-layout-column\"><div class=\"fusion-title title fusion-title-3 fusion-title-center fusion-title-text fusion-title-size-one\" style=\"--awb-font-size:18px;\"><div class=\"title-sep-container title-sep-container-left\"><div class=\"title-sep sep-double sep-solid\" style=\"border-color:#e2e2e2;\"><\/div><\/div><span class=\"awb-title-spacer\"><\/span><h1 class=\"fusion-title-heading title-heading-center\" style=\"margin:0;font-size:1em;\"><p style=\"text-align: center\"><b>Organiza\u00e7\u00e3o:<\/b>\u00a0Jana\u00edna Guerra Falabretti<\/p><\/h1><span class=\"awb-title-spacer\"><\/span><div class=\"title-sep-container title-sep-container-right\"><div class=\"title-sep sep-double sep-solid\" style=\"border-color:#e2e2e2;\"><\/div><\/div><\/div><\/div><\/div><div class=\"fusion-layout-column fusion_builder_column fusion-builder-column-3 fusion_builder_column_1_1 1_1 fusion-flex-column\" style=\"--awb-bg-size:cover;--awb-width-large:100%;--awb-margin-top-large:0px;--awb-spacing-right-large:1.92%;--awb-margin-bottom-large:20px;--awb-spacing-left-large:1.92%;--awb-width-medium:100%;--awb-order-medium:0;--awb-spacing-right-medium:1.92%;--awb-spacing-left-medium:1.92%;--awb-width-small:100%;--awb-order-small:0;--awb-spacing-right-small:1.92%;--awb-spacing-left-small:1.92%;\"><div class=\"fusion-column-wrapper fusion-column-has-shadow fusion-flex-justify-content-flex-start fusion-content-layout-column\"><div class=\"fusion-separator fusion-full-width-sep\" style=\"align-self: center;margin-left: auto;margin-right: auto;width:100%;\"><div class=\"fusion-separator-border sep-single sep-solid\" style=\"--awb-height:20px;--awb-amount:20px;border-color:#e2e2e2;border-top-width:1px;\"><\/div><\/div><div class=\"fusion-text fusion-text-1\"><div class=\"col-md-12 hc_title_tag_cnt\">\n<h4 id=\"dmT6a\" class=\"text-center fusion-responsive-typography-calculated\" style=\"text-align: center\" data-fontsize=\"24\" data-lineheight=\"26.4px\">PR\u00c9-CONGRESSO DE OFTALMOLOGIA USP 2018<br \/>\nAud. Oftalmologia \/ 6\u00ba Andar &#8211; ICHC<\/h4>\n<\/div>\n<div class=\"col-md-12 hc_title_tag_cnt\">\n<h5 id=\"dZucV\" class=\"text-center fusion-responsive-typography-calculated\" style=\"text-align: center\" data-fontsize=\"24\" data-lineheight=\"26.4px\">28\/11\/2018 &#8211; Quarta-feira<\/h5>\n<\/div>\n<\/div><div class=\"fusion-content-boxes content-boxes columns row fusion-columns-1 fusion-columns-total-3 fusion-content-boxes-1 content-boxes-timeline-horizontal content-left content-boxes-icon-on-top content-boxes-timeline-layout fusion-delayed-animation\" style=\"--awb-backgroundcolor:#f4f4f4;--awb-margin-bottom:10px;--awb-hover-accent-color:#e9a825;--awb-circle-hover-accent-color:#e9a825;--awb-item-margin-bottom:40px;\" data-animation-delay=\"350\" data-animationOffset=\"top-into-view\"><div style=\"--awb-backgroundcolor:#f4f4f4;\" class=\"fusion-column content-box-column content-box-column content-box-column-1 col-lg-12 col-md-12 col-sm-12 fusion-content-box-hover content-box-column-last-in-row\"><div class=\"col content-box-wrapper content-wrapper-background link-area-link-icon content-icon-wrapper-yes icon-hover-animation-fade fusion-animated\" data-animationType=\"fadeIn\" data-animationDuration=\"0.25\" data-animationOffset=\"top-into-view\"><div class=\"fusion-clearfix\"><\/div><div class=\"content-container\">\n<ul>\n<li style=\"text-align: left\">8:00h \u2013 08:20h Welcome coffee<\/li>\n<li style=\"text-align: left\">08:20h \u2013 08:30h Abertura<\/li>\n<li style=\"text-align: left\">08:30h \u2013 08:45h Ceratocone &#8211; diagn\u00f3stico: topografia X tomografia<br \/>\nVeronica Bresciani (SP)<\/li>\n<li style=\"text-align: left\">08:45h \u2013 09:00h Aberrometria com m\u00e9todo de avalia\u00e7\u00e3o<br \/>\nFlavia Almodin (PR)<\/li>\n<li style=\"text-align: left\">09:00h \u2013 09:15h Ceratocone &#8211; op\u00e7\u00f5es de tratamento<br \/>\nRosangela Simoceli (SP)<\/li>\n<li style=\"text-align: left\">09:15h \u2013 09:30h Anel de Ferrara &#8211; hist\u00f3rico e mecanismos de a\u00e7\u00e3o<br \/>\nPaulo Ferrara (MG)<\/li>\n<li style=\"text-align: left\">09:30h \u2013 09:45h Nomograma atual e planejamento cir\u00fargico passo a passo<br \/>\nRafael Canhestro (MG)<\/li>\n<li style=\"text-align: left\">09:45h \u2013 10:00h Controv\u00e9rsias no planejamento cir\u00fargico: caso 1<br \/>\nFrederico Bicalho (MG)<\/li>\n<li style=\"text-align: left\">10:00h \u2013 10:15h Controv\u00e9rsias no planejamento cir\u00fargico: caso 2<br \/>\nAllan Luz (SE)<\/li>\n<li style=\"text-align: left\">10:15h \u2013 10:30h Controv\u00e9rsias no planejamento cir\u00fargico: caso 3<br \/>\nFrederico Guerra (RJ)<\/li>\n<\/ul>\n<\/div><\/div><\/div><div style=\"--awb-backgroundcolor:#f4f4f4;\" class=\"fusion-column content-box-column content-box-column content-box-column-2 col-lg-12 col-md-12 col-sm-12 fusion-content-box-hover content-box-column-last-in-row\"><div class=\"col content-box-wrapper content-wrapper-background link-area-link-icon content-icon-wrapper-yes icon-hover-animation-fade fusion-animated\" data-animationType=\"fadeIn\" data-animationDuration=\"0.25\" data-animationOffset=\"top-into-view\"><div class=\"fusion-clearfix\"><\/div><div class=\"content-container\">\n<ul>\n<li style=\"text-align: left\">10:30h \u2013 10:45h Resultados cl\u00ednicos e topogr\u00e1ficos em an\u00e9is de 140\u00ba<br \/>\nJordana Sandes (GO)<\/li>\n<li style=\"text-align: left\">10:45h \u2013 11:00h Resultados cl\u00ednicos e topogr\u00e1ficos em an\u00e9is de 210\u00ba<br \/>\nGuilherme Rocha (DF)<\/li>\n<li style=\"text-align: left\">11:00h \u2013 11:15h Resultados cl\u00ednicos e topogr\u00e1ficos em an\u00e9is de 320\u00ba<br \/>\nLeonardo Torquetti (MG)<\/li>\n<li style=\"text-align: left\">11:15h \u2013 11:30h Resultados cl\u00ednicos e topogr\u00e1ficos em an\u00e9is de espessura assim\u00e9trica<br \/>\nFernando Komatsu (SC)<\/li>\n<li style=\"text-align: left\">11:30h \u2013 11:45h T\u00e9cnica manual x LASER de femtosegundo<br \/>\nFernando Cresta (SP)<\/li>\n<li style=\"text-align: left\">11:45h \u2013 12:00h An\u00e9is: complica\u00e7\u00f5es e solu\u00e7\u00f5es<br \/>\nSergio Kwitiko (RS)<\/li>\n<li style=\"text-align: left\">12:00h \u00e0s 13:30h \u2013 Almo\u00e7o<\/li>\n<\/ul>\n<\/div><\/div><\/div><div style=\"--awb-backgroundcolor:#f4f4f4;\" class=\"fusion-column content-box-column content-box-column content-box-column-3 col-lg-12 col-md-12 col-sm-12 fusion-content-box-hover content-box-column-last content-box-column-last-in-row\"><div class=\"col content-box-wrapper content-wrapper-background link-area-link-icon content-icon-wrapper-yes icon-hover-animation-fade fusion-animated\" data-animationType=\"fadeIn\" data-animationDuration=\"0.25\" data-animationOffset=\"top-into-view\"><div class=\"fusion-clearfix\"><\/div><div class=\"content-container\">\n<ul>\n<li style=\"text-align: left\">13:30h \u2013 13:45h Corre\u00e7\u00e3o de ametropias residual p\u00f3s implante de anel<br \/>\nEdna Almodin (PR)<\/li>\n<li style=\"text-align: left\">13:45h \u2013 14:00h Corre\u00e7\u00e3o do astigmatismo p\u00f3s transplante de c\u00f3rnea<br \/>\nSandro Coscarelli (MG)<\/li>\n<li style=\"text-align: left\">14:00h \u2013 14:15h O futuro do anel<br \/>\nDelso Bonfante (SC)<\/li>\n<li style=\"text-align: left\">14:15h \u2013 14:30h Crosslinking e anel de Ferrara: associa\u00e7\u00e3o de t\u00e9cnicas<br \/>\nPablo Rodrigues (SP)<\/li>\n<li style=\"text-align: left\">14:30h \u2013 14:45h Anel de Ferrara em crian\u00e7a<br \/>\nGuilherme Ferrara (MG)<\/li>\n<li style=\"text-align: left\">14:45h \u2013 15:00h Adapta\u00e7\u00e3o de lente de contato p\u00f3s anel<br \/>\nFlavio Vilela (SP)<\/li>\n<li style=\"text-align: left\">15:00h \u2013 15:15h Caso clinico de lente de contato p\u00f3s anel<br \/>\nJuliana Almodin (PR)<\/li>\n<li style=\"text-align: left\">15:15h \u2013 15:30h Intervalo<\/li>\n<li style=\"text-align: left\">15:30h &#8211; 17:30h Wet lab<\/li>\n<li style=\"text-align: left\">17:30h &#8211; 17:45h Encerramento<\/li>\n<\/ul>\n<\/div><\/div><\/div><div class=\"fusion-clearfix\"><\/div><\/div><\/div><\/div><\/div><\/div><div class=\"fusion-fullwidth fullwidth-box fusion-builder-row-2 fusion-flex-container nonhundred-percent-fullwidth non-hundred-percent-height-scrolling\" style=\"--awb-border-radius-top-left:0px;--awb-border-radius-top-right:0px;--awb-border-radius-bottom-right:0px;--awb-border-radius-bottom-left:0px;--awb-padding-top:50px;--awb-padding-bottom:50px;--awb-flex-wrap:wrap;\" ><div class=\"fusion-builder-row fusion-row fusion-flex-align-items-flex-start fusion-flex-content-wrap\" style=\"max-width:1248px;margin-left: calc(-4% \/ 2 );margin-right: calc(-4% \/ 2 );\"><div class=\"fusion-layout-column fusion_builder_column fusion-builder-column-4 fusion_builder_column_1_2 1_2 fusion-flex-column\" style=\"--awb-bg-size:cover;--awb-width-large:50%;--awb-margin-top-large:0px;--awb-spacing-right-large:3.84%;--awb-margin-bottom-large:20px;--awb-spacing-left-large:3.84%;--awb-width-medium:50%;--awb-order-medium:0;--awb-spacing-right-medium:3.84%;--awb-spacing-left-medium:3.84%;--awb-width-small:100%;--awb-order-small:0;--awb-spacing-right-small:1.92%;--awb-spacing-left-small:1.92%;\"><div class=\"fusion-column-wrapper fusion-column-has-shadow fusion-flex-justify-content-flex-start fusion-content-layout-column\"><div class=\"fusion-title title fusion-title-4 sep-underline sep-solid fusion-title-text fusion-title-size-one\" style=\"--awb-sep-color:#ffc107;--awb-font-size:18px;\"><h1 class=\"fusion-title-heading title-heading-left\" style=\"margin:0;font-size:1em;\">Realiza\u00e7\u00e3o<\/h1><\/div><div class=\"fusion-image-element \" style=\"--awb-max-width:150px;--awb-caption-title-font-family:var(--h2_typography-font-family);--awb-caption-title-font-weight:var(--h2_typography-font-weight);--awb-caption-title-font-style:var(--h2_typography-font-style);--awb-caption-title-size:var(--h2_typography-font-size);--awb-caption-title-transform:var(--h2_typography-text-transform);--awb-caption-title-line-height:var(--h2_typography-line-height);--awb-caption-title-letter-spacing:var(--h2_typography-letter-spacing);\"><span class=\" fusion-imageframe imageframe-none imageframe-1 hover-type-none\"><img decoding=\"async\" width=\"250\" height=\"100\" alt=\"logo Congresso de Oftalmologia da USP\" title=\"logo-cousp\" src=\"https:\/\/ferrararing.com.br\/medicos\/wp-content\/uploads\/sites\/6\/2019\/09\/logo-cousp.jpg\" class=\"img-responsive wp-image-100004187\" srcset=\"https:\/\/ferrararing.com.br\/medicos\/wp-content\/uploads\/sites\/6\/2019\/09\/logo-cousp-200x80.jpg 200w, https:\/\/ferrararing.com.br\/medicos\/wp-content\/uploads\/sites\/6\/2019\/09\/logo-cousp.jpg 250w\" sizes=\"(max-width: 640px) 100vw, 250px\" \/><\/span><\/div><\/div><\/div><div class=\"fusion-layout-column fusion_builder_column fusion-builder-column-5 fusion_builder_column_1_2 1_2 fusion-flex-column\" style=\"--awb-bg-size:cover;--awb-width-large:50%;--awb-margin-top-large:0px;--awb-spacing-right-large:3.84%;--awb-margin-bottom-large:20px;--awb-spacing-left-large:3.84%;--awb-width-medium:50%;--awb-order-medium:0;--awb-spacing-right-medium:3.84%;--awb-spacing-left-medium:3.84%;--awb-width-small:100%;--awb-order-small:0;--awb-spacing-right-small:1.92%;--awb-spacing-left-small:1.92%;\"><div class=\"fusion-column-wrapper fusion-column-has-shadow fusion-flex-justify-content-flex-start fusion-content-layout-column\"><div class=\"fusion-title title fusion-title-5 sep-underline sep-solid fusion-title-text fusion-title-size-one\" style=\"--awb-sep-color:#ffc107;--awb-font-size:18px;\"><h1 class=\"fusion-title-heading title-heading-left\" style=\"margin:0;font-size:1em;\">Apoio<\/h1><\/div><div class=\"fusion-image-element \" style=\"--awb-max-width:130px;--awb-caption-title-font-family:var(--h2_typography-font-family);--awb-caption-title-font-weight:var(--h2_typography-font-weight);--awb-caption-title-font-style:var(--h2_typography-font-style);--awb-caption-title-size:var(--h2_typography-font-size);--awb-caption-title-transform:var(--h2_typography-text-transform);--awb-caption-title-line-height:var(--h2_typography-line-height);--awb-caption-title-letter-spacing:var(--h2_typography-letter-spacing);\"><span class=\" fusion-imageframe imageframe-none imageframe-2 hover-type-none\"><img decoding=\"async\" width=\"200\" height=\"60\" title=\"ferrara-ophthalmics-200&#215;60-1\" src=\"https:\/\/ferrararing.com.br\/medicos\/wp-content\/uploads\/sites\/6\/2019\/12\/ferrara-ophthalmics-200x60-1.png\" alt class=\"img-responsive wp-image-100004045\"\/><\/span><\/div><\/div><\/div><\/div><\/div><\/p>\n","protected":false},"excerpt":{"rendered":"","protected":false},"author":1,"featured_media":100004489,"comment_status":"closed","ping_status":"closed","sticky":false,"template":"","format":"standard","meta":{"footnotes":""},"categories":[4,2,5],"tags":[],"class_list":["post-100002074","post","type-post","status-publish","format-standard","has-post-thumbnail","hentry","category-ferrara-meetings","category-medicos","category-noticias"],"yoast_head":"<!-- This site is optimized with the Yoast SEO Premium plugin v24.5 (Yoast SEO v24.5) - https:\/\/yoast.com\/wordpress\/plugins\/seo\/ -->\n<title>Ferrara Meetings USP 2018 - M\u00e9dicos Ferrara Ring<\/title>\n<meta name=\"description\" content=\"Curso de Anel de Ferrara USP 2018. Anel de Ferrara de A a Z: desde os princ\u00edpios b\u00e1sicos ate as ultimas inova\u00e7\u00f5es. Aud. Oftalmologia \/ 6\u00ba Andar - ICHC.\" \/>\n<meta name=\"robots\" content=\"index, follow, max-snippet:-1, max-image-preview:large, max-video-preview:-1\" \/>\n<link rel=\"canonical\" href=\"https:\/\/ferrararing.com.br\/medicos\/ferrara-meetings-usp-2018\/\" \/>\n<meta property=\"og:locale\" content=\"pt_BR\" \/>\n<meta property=\"og:type\" content=\"article\" \/>\n<meta property=\"og:title\" content=\"Ferrara Meetings USP 2018\" \/>\n<meta property=\"og:description\" content=\"Curso de Anel de Ferrara USP 2018. Anel de Ferrara de A a Z: desde os princ\u00edpios b\u00e1sicos ate as ultimas inova\u00e7\u00f5es. Aud. Oftalmologia \/ 6\u00ba Andar - ICHC.\" \/>\n<meta property=\"og:url\" content=\"https:\/\/ferrararing.com.br\/medicos\/ferrara-meetings-usp-2018\/\" \/>\n<meta property=\"og:site_name\" content=\"M\u00e9dicos Ferrara Ring\" \/>\n<meta property=\"article:publisher\" content=\"https:\/\/www.facebook.com\/ferrara.ring\" \/>\n<meta property=\"article:published_time\" content=\"2018-10-10T00:45:38+00:00\" \/>\n<meta property=\"article:modified_time\" content=\"2022-02-03T16:49:34+00:00\" \/>\n<meta property=\"og:image\" content=\"https:\/\/ferrararing.com.br\/medicos\/wp-content\/uploads\/sites\/6\/2018\/10\/cousp.jpg\" \/>\n\t<meta property=\"og:image:width\" content=\"1920\" \/>\n\t<meta property=\"og:image:height\" content=\"1045\" \/>\n\t<meta property=\"og:image:type\" content=\"image\/jpeg\" \/>\n<meta name=\"author\" content=\"Ferrara Admin\" \/>\n<meta name=\"twitter:card\" content=\"summary_large_image\" \/>\n<meta name=\"twitter:label1\" content=\"Escrito por\" \/>\n\t<meta name=\"twitter:data1\" content=\"Ferrara Admin\" \/>\n\t<meta name=\"twitter:label2\" content=\"Est. tempo de leitura\" \/>\n\t<meta name=\"twitter:data2\" content=\"18 minutos\" \/>\n<script type=\"application\/ld+json\" class=\"yoast-schema-graph\">{\"@context\":\"https:\/\/schema.org\",\"@graph\":[{\"@type\":\"Article\",\"@id\":\"https:\/\/ferrararing.com.br\/medicos\/ferrara-meetings-usp-2018\/#article\",\"isPartOf\":{\"@id\":\"https:\/\/ferrararing.com.br\/medicos\/ferrara-meetings-usp-2018\/\"},\"author\":{\"name\":\"Ferrara Admin\",\"@id\":\"https:\/\/ferrararing.com.br\/medicos\/#\/schema\/person\/5419c51f96613ebc40f96ecb2f05af13\"},\"headline\":\"Ferrara Meetings USP 2018\",\"datePublished\":\"2018-10-10T00:45:38+00:00\",\"dateModified\":\"2022-02-03T16:49:34+00:00\",\"mainEntityOfPage\":{\"@id\":\"https:\/\/ferrararing.com.br\/medicos\/ferrara-meetings-usp-2018\/\"},\"wordCount\":3585,\"publisher\":{\"@id\":\"https:\/\/ferrararing.com.br\/medicos\/#organization\"},\"image\":{\"@id\":\"https:\/\/ferrararing.com.br\/medicos\/ferrara-meetings-usp-2018\/#primaryimage\"},\"thumbnailUrl\":\"https:\/\/ferrararing.com.br\/medicos\/wp-content\/uploads\/sites\/6\/2018\/10\/cousp.jpg\",\"articleSection\":[\"Ferrara Meetings\",\"M\u00e9dicos\",\"Not\u00edcias\"],\"inLanguage\":\"pt-BR\"},{\"@type\":\"WebPage\",\"@id\":\"https:\/\/ferrararing.com.br\/medicos\/ferrara-meetings-usp-2018\/\",\"url\":\"https:\/\/ferrararing.com.br\/medicos\/ferrara-meetings-usp-2018\/\",\"name\":\"Ferrara Meetings USP 2018 - M\u00e9dicos Ferrara Ring\",\"isPartOf\":{\"@id\":\"https:\/\/ferrararing.com.br\/medicos\/#website\"},\"primaryImageOfPage\":{\"@id\":\"https:\/\/ferrararing.com.br\/medicos\/ferrara-meetings-usp-2018\/#primaryimage\"},\"image\":{\"@id\":\"https:\/\/ferrararing.com.br\/medicos\/ferrara-meetings-usp-2018\/#primaryimage\"},\"thumbnailUrl\":\"https:\/\/ferrararing.com.br\/medicos\/wp-content\/uploads\/sites\/6\/2018\/10\/cousp.jpg\",\"datePublished\":\"2018-10-10T00:45:38+00:00\",\"dateModified\":\"2022-02-03T16:49:34+00:00\",\"description\":\"Curso de Anel de Ferrara USP 2018. Anel de Ferrara de A a Z: desde os princ\u00edpios b\u00e1sicos ate as ultimas inova\u00e7\u00f5es. Aud. Oftalmologia \/ 6\u00ba Andar - ICHC.\",\"breadcrumb\":{\"@id\":\"https:\/\/ferrararing.com.br\/medicos\/ferrara-meetings-usp-2018\/#breadcrumb\"},\"inLanguage\":\"pt-BR\",\"potentialAction\":[{\"@type\":\"ReadAction\",\"target\":[\"https:\/\/ferrararing.com.br\/medicos\/ferrara-meetings-usp-2018\/\"]}]},{\"@type\":\"ImageObject\",\"inLanguage\":\"pt-BR\",\"@id\":\"https:\/\/ferrararing.com.br\/medicos\/ferrara-meetings-usp-2018\/#primaryimage\",\"url\":\"https:\/\/ferrararing.com.br\/medicos\/wp-content\/uploads\/sites\/6\/2018\/10\/cousp.jpg\",\"contentUrl\":\"https:\/\/ferrararing.com.br\/medicos\/wp-content\/uploads\/sites\/6\/2018\/10\/cousp.jpg\",\"width\":1920,\"height\":1045},{\"@type\":\"BreadcrumbList\",\"@id\":\"https:\/\/ferrararing.com.br\/medicos\/ferrara-meetings-usp-2018\/#breadcrumb\",\"itemListElement\":[{\"@type\":\"ListItem\",\"position\":1,\"name\":\"In\u00edcio\",\"item\":\"https:\/\/ferrararing.com.br\/medicos\/\"},{\"@type\":\"ListItem\",\"position\":2,\"name\":\"Ferrara Meetings USP 2018\"}]},{\"@type\":\"WebSite\",\"@id\":\"https:\/\/ferrararing.com.br\/medicos\/#website\",\"url\":\"https:\/\/ferrararing.com.br\/medicos\/\",\"name\":\"M\u00e9dicos Ferrara Ring\",\"description\":\"\u00c1rea Restrita\",\"publisher\":{\"@id\":\"https:\/\/ferrararing.com.br\/medicos\/#organization\"},\"potentialAction\":[{\"@type\":\"SearchAction\",\"target\":{\"@type\":\"EntryPoint\",\"urlTemplate\":\"https:\/\/ferrararing.com.br\/medicos\/?s={search_term_string}\"},\"query-input\":{\"@type\":\"PropertyValueSpecification\",\"valueRequired\":true,\"valueName\":\"search_term_string\"}}],\"inLanguage\":\"pt-BR\"},{\"@type\":\"Organization\",\"@id\":\"https:\/\/ferrararing.com.br\/medicos\/#organization\",\"name\":\"Ferrara Ophthalmics\",\"url\":\"https:\/\/ferrararing.com.br\/medicos\/\",\"logo\":{\"@type\":\"ImageObject\",\"inLanguage\":\"pt-BR\",\"@id\":\"https:\/\/ferrararing.com.br\/medicos\/#\/schema\/logo\/image\/\",\"url\":\"\",\"contentUrl\":\"\",\"caption\":\"Ferrara Ophthalmics\"},\"image\":{\"@id\":\"https:\/\/ferrararing.com.br\/medicos\/#\/schema\/logo\/image\/\"},\"sameAs\":[\"https:\/\/www.facebook.com\/ferrara.ring\",\"https:\/\/www.instagram.com\/ferrara.ring\/\",\"https:\/\/www.youtube.com\/channel\/UCo-9gA533c3gGWVeV_VfjJQ\"]},{\"@type\":\"Person\",\"@id\":\"https:\/\/ferrararing.com.br\/medicos\/#\/schema\/person\/5419c51f96613ebc40f96ecb2f05af13\",\"name\":\"Ferrara Admin\",\"image\":{\"@type\":\"ImageObject\",\"inLanguage\":\"pt-BR\",\"@id\":\"https:\/\/ferrararing.com.br\/medicos\/#\/schema\/person\/image\/\",\"url\":\"https:\/\/secure.gravatar.com\/avatar\/be0d2173e64619d430733758d313290b?s=96&d=wp_user_avatar&r=g\",\"contentUrl\":\"https:\/\/secure.gravatar.com\/avatar\/be0d2173e64619d430733758d313290b?s=96&d=wp_user_avatar&r=g\",\"caption\":\"Ferrara Admin\"},\"sameAs\":[\"https:\/\/ferrararing.com.br\/medicos\/\"]}]}<\/script>\n<!-- \/ Yoast SEO Premium plugin. -->","yoast_head_json":{"title":"Ferrara Meetings USP 2018 - M\u00e9dicos Ferrara Ring","description":"Curso de Anel de Ferrara USP 2018. Anel de Ferrara de A a Z: desde os princ\u00edpios b\u00e1sicos ate as ultimas inova\u00e7\u00f5es. Aud. Oftalmologia \/ 6\u00ba Andar - ICHC.","robots":{"index":"index","follow":"follow","max-snippet":"max-snippet:-1","max-image-preview":"max-image-preview:large","max-video-preview":"max-video-preview:-1"},"canonical":"https:\/\/ferrararing.com.br\/medicos\/ferrara-meetings-usp-2018\/","og_locale":"pt_BR","og_type":"article","og_title":"Ferrara Meetings USP 2018","og_description":"Curso de Anel de Ferrara USP 2018. Anel de Ferrara de A a Z: desde os princ\u00edpios b\u00e1sicos ate as ultimas inova\u00e7\u00f5es. Aud. Oftalmologia \/ 6\u00ba Andar - ICHC.","og_url":"https:\/\/ferrararing.com.br\/medicos\/ferrara-meetings-usp-2018\/","og_site_name":"M\u00e9dicos Ferrara Ring","article_publisher":"https:\/\/www.facebook.com\/ferrara.ring","article_published_time":"2018-10-10T00:45:38+00:00","article_modified_time":"2022-02-03T16:49:34+00:00","og_image":[{"width":1920,"height":1045,"url":"https:\/\/ferrararing.com.br\/medicos\/wp-content\/uploads\/sites\/6\/2018\/10\/cousp.jpg","type":"image\/jpeg"}],"author":"Ferrara Admin","twitter_card":"summary_large_image","twitter_misc":{"Escrito por":"Ferrara Admin","Est. tempo de leitura":"18 minutos"},"schema":{"@context":"https:\/\/schema.org","@graph":[{"@type":"Article","@id":"https:\/\/ferrararing.com.br\/medicos\/ferrara-meetings-usp-2018\/#article","isPartOf":{"@id":"https:\/\/ferrararing.com.br\/medicos\/ferrara-meetings-usp-2018\/"},"author":{"name":"Ferrara Admin","@id":"https:\/\/ferrararing.com.br\/medicos\/#\/schema\/person\/5419c51f96613ebc40f96ecb2f05af13"},"headline":"Ferrara Meetings USP 2018","datePublished":"2018-10-10T00:45:38+00:00","dateModified":"2022-02-03T16:49:34+00:00","mainEntityOfPage":{"@id":"https:\/\/ferrararing.com.br\/medicos\/ferrara-meetings-usp-2018\/"},"wordCount":3585,"publisher":{"@id":"https:\/\/ferrararing.com.br\/medicos\/#organization"},"image":{"@id":"https:\/\/ferrararing.com.br\/medicos\/ferrara-meetings-usp-2018\/#primaryimage"},"thumbnailUrl":"https:\/\/ferrararing.com.br\/medicos\/wp-content\/uploads\/sites\/6\/2018\/10\/cousp.jpg","articleSection":["Ferrara Meetings","M\u00e9dicos","Not\u00edcias"],"inLanguage":"pt-BR"},{"@type":"WebPage","@id":"https:\/\/ferrararing.com.br\/medicos\/ferrara-meetings-usp-2018\/","url":"https:\/\/ferrararing.com.br\/medicos\/ferrara-meetings-usp-2018\/","name":"Ferrara Meetings USP 2018 - M\u00e9dicos Ferrara Ring","isPartOf":{"@id":"https:\/\/ferrararing.com.br\/medicos\/#website"},"primaryImageOfPage":{"@id":"https:\/\/ferrararing.com.br\/medicos\/ferrara-meetings-usp-2018\/#primaryimage"},"image":{"@id":"https:\/\/ferrararing.com.br\/medicos\/ferrara-meetings-usp-2018\/#primaryimage"},"thumbnailUrl":"https:\/\/ferrararing.com.br\/medicos\/wp-content\/uploads\/sites\/6\/2018\/10\/cousp.jpg","datePublished":"2018-10-10T00:45:38+00:00","dateModified":"2022-02-03T16:49:34+00:00","description":"Curso de Anel de Ferrara USP 2018. Anel de Ferrara de A a Z: desde os princ\u00edpios b\u00e1sicos ate as ultimas inova\u00e7\u00f5es. Aud. Oftalmologia \/ 6\u00ba Andar - ICHC.","breadcrumb":{"@id":"https:\/\/ferrararing.com.br\/medicos\/ferrara-meetings-usp-2018\/#breadcrumb"},"inLanguage":"pt-BR","potentialAction":[{"@type":"ReadAction","target":["https:\/\/ferrararing.com.br\/medicos\/ferrara-meetings-usp-2018\/"]}]},{"@type":"ImageObject","inLanguage":"pt-BR","@id":"https:\/\/ferrararing.com.br\/medicos\/ferrara-meetings-usp-2018\/#primaryimage","url":"https:\/\/ferrararing.com.br\/medicos\/wp-content\/uploads\/sites\/6\/2018\/10\/cousp.jpg","contentUrl":"https:\/\/ferrararing.com.br\/medicos\/wp-content\/uploads\/sites\/6\/2018\/10\/cousp.jpg","width":1920,"height":1045},{"@type":"BreadcrumbList","@id":"https:\/\/ferrararing.com.br\/medicos\/ferrara-meetings-usp-2018\/#breadcrumb","itemListElement":[{"@type":"ListItem","position":1,"name":"In\u00edcio","item":"https:\/\/ferrararing.com.br\/medicos\/"},{"@type":"ListItem","position":2,"name":"Ferrara Meetings USP 2018"}]},{"@type":"WebSite","@id":"https:\/\/ferrararing.com.br\/medicos\/#website","url":"https:\/\/ferrararing.com.br\/medicos\/","name":"M\u00e9dicos Ferrara Ring","description":"\u00c1rea Restrita","publisher":{"@id":"https:\/\/ferrararing.com.br\/medicos\/#organization"},"potentialAction":[{"@type":"SearchAction","target":{"@type":"EntryPoint","urlTemplate":"https:\/\/ferrararing.com.br\/medicos\/?s={search_term_string}"},"query-input":{"@type":"PropertyValueSpecification","valueRequired":true,"valueName":"search_term_string"}}],"inLanguage":"pt-BR"},{"@type":"Organization","@id":"https:\/\/ferrararing.com.br\/medicos\/#organization","name":"Ferrara Ophthalmics","url":"https:\/\/ferrararing.com.br\/medicos\/","logo":{"@type":"ImageObject","inLanguage":"pt-BR","@id":"https:\/\/ferrararing.com.br\/medicos\/#\/schema\/logo\/image\/","url":"","contentUrl":"","caption":"Ferrara Ophthalmics"},"image":{"@id":"https:\/\/ferrararing.com.br\/medicos\/#\/schema\/logo\/image\/"},"sameAs":["https:\/\/www.facebook.com\/ferrara.ring","https:\/\/www.instagram.com\/ferrara.ring\/","https:\/\/www.youtube.com\/channel\/UCo-9gA533c3gGWVeV_VfjJQ"]},{"@type":"Person","@id":"https:\/\/ferrararing.com.br\/medicos\/#\/schema\/person\/5419c51f96613ebc40f96ecb2f05af13","name":"Ferrara Admin","image":{"@type":"ImageObject","inLanguage":"pt-BR","@id":"https:\/\/ferrararing.com.br\/medicos\/#\/schema\/person\/image\/","url":"https:\/\/secure.gravatar.com\/avatar\/be0d2173e64619d430733758d313290b?s=96&d=wp_user_avatar&r=g","contentUrl":"https:\/\/secure.gravatar.com\/avatar\/be0d2173e64619d430733758d313290b?s=96&d=wp_user_avatar&r=g","caption":"Ferrara Admin"},"sameAs":["https:\/\/ferrararing.com.br\/medicos\/"]}]}},"_links":{"self":[{"href":"https:\/\/ferrararing.com.br\/medicos\/wp-json\/wp\/v2\/posts\/100002074","targetHints":{"allow":["GET"]}}],"collection":[{"href":"https:\/\/ferrararing.com.br\/medicos\/wp-json\/wp\/v2\/posts"}],"about":[{"href":"https:\/\/ferrararing.com.br\/medicos\/wp-json\/wp\/v2\/types\/post"}],"author":[{"embeddable":true,"href":"https:\/\/ferrararing.com.br\/medicos\/wp-json\/wp\/v2\/users\/1"}],"replies":[{"embeddable":true,"href":"https:\/\/ferrararing.com.br\/medicos\/wp-json\/wp\/v2\/comments?post=100002074"}],"version-history":[{"count":7,"href":"https:\/\/ferrararing.com.br\/medicos\/wp-json\/wp\/v2\/posts\/100002074\/revisions"}],"predecessor-version":[{"id":100005009,"href":"https:\/\/ferrararing.com.br\/medicos\/wp-json\/wp\/v2\/posts\/100002074\/revisions\/100005009"}],"wp:featuredmedia":[{"embeddable":true,"href":"https:\/\/ferrararing.com.br\/medicos\/wp-json\/wp\/v2\/media\/100004489"}],"wp:attachment":[{"href":"https:\/\/ferrararing.com.br\/medicos\/wp-json\/wp\/v2\/media?parent=100002074"}],"wp:term":[{"taxonomy":"category","embeddable":true,"href":"https:\/\/ferrararing.com.br\/medicos\/wp-json\/wp\/v2\/categories?post=100002074"},{"taxonomy":"post_tag","embeddable":true,"href":"https:\/\/ferrararing.com.br\/medicos\/wp-json\/wp\/v2\/tags?post=100002074"}],"curies":[{"name":"wp","href":"https:\/\/api.w.org\/{rel}","templated":true}]}}