{"id":100002230,"date":"2019-01-17T19:30:19","date_gmt":"2019-01-17T21:30:19","guid":{"rendered":"https:\/\/ferrararing.com.br\/?p=100002230"},"modified":"2022-02-03T13:56:30","modified_gmt":"2022-02-03T16:56:30","slug":"dra-edna-almodin","status":"publish","type":"post","link":"https:\/\/ferrararing.com.br\/medicos\/dra-edna-almodin\/","title":{"rendered":"Dra. Edna Almodin"},"content":{"rendered":"<div class=\"fusion-fullwidth fullwidth-box fusion-builder-row-1 fusion-flex-container nonhundred-percent-fullwidth non-hundred-percent-height-scrolling\" style=\"--awb-border-radius-top-left:0px;--awb-border-radius-top-right:0px;--awb-border-radius-bottom-right:0px;--awb-border-radius-bottom-left:0px;--awb-padding-top:50px;--awb-flex-wrap:wrap;\" ><div class=\"fusion-builder-row fusion-row fusion-flex-align-items-flex-start fusion-flex-content-wrap\" style=\"max-width:1248px;margin-left: calc(-4% \/ 2 );margin-right: calc(-4% \/ 2 );\"><div class=\"fusion-layout-column fusion_builder_column fusion-builder-column-0 fusion_builder_column_1_1 1_1 fusion-flex-column\" style=\"--awb-bg-size:cover;--awb-width-large:100%;--awb-margin-top-large:0px;--awb-spacing-right-large:1.92%;--awb-margin-bottom-large:20px;--awb-spacing-left-large:1.92%;--awb-width-medium:100%;--awb-order-medium:0;--awb-spacing-right-medium:1.92%;--awb-spacing-left-medium:1.92%;--awb-width-small:100%;--awb-order-small:0;--awb-spacing-right-small:1.92%;--awb-spacing-left-small:1.92%;\"><div class=\"fusion-column-wrapper fusion-column-has-shadow fusion-flex-justify-content-flex-start fusion-content-layout-column\"><div class=\"fusion-text fusion-text-1\"><div class=\"col-md-12 hc_subtitle_cnt\">\n<div id=\"GAkbP\" class=\"title-modern st-icon col-center text-left\">\n<p>Em 4 d\u00e9cadas de pr\u00e1tica oftalmol\u00f3gica a Dra. Edna Almodin enfrentou diversos desafios e conquistou um importante espa\u00e7o na oftalmologia, num momento em que a tecnologia n\u00e3o era a maior import\u00e2ncia mas sim a aten\u00e7\u00e3o ao ser humano.<\/p>\n<p>Extremamente dedicada ao cuidado do paciente, nunca deixou de se especializar e participar dos mais importantes encontros e sociedades da oftalmologia mundial. Logo agregou \u00e0s obriga\u00e7\u00f5es de sua clinica a participa\u00e7\u00e3o nestas sociedades, onde pode reunir e agregar nomes expressivos da oftalmologia em encontros cient\u00edficos, proporcionando a troca de experi\u00eancias e o aprimoramento das pr\u00e1ticas existentes.<\/p>\n<p>Por estas e outras grandes qualidades, temos certeza que a gest\u00e3o da Dra. Edna Almodin, na Diretoria da Sociedade Brasileira de Oftalmologia, agregar\u00e1 modernidade, crescimento e uni\u00e3o \u00e0 Sociedade, aos encontros cient\u00edficos e a todos os membros da SBO.<\/p>\n<p>Desejamos sucesso em sua Gest\u00e3o.<\/p>\n<p>Amigos da Ferrara Ophthalmics.<\/p>\n<\/div>\n<\/div>\n<\/div><div class=\"fusion-video fusion-youtube\" style=\"--awb-max-width:1920px;--awb-max-height:1080px;\"><div class=\"video-shortcode\"><div class=\"fluid-width-video-wrapper\" style=\"padding-top:56.25%;\" ><iframe title=\"YouTube video player 1\" src=\"https:\/\/www.youtube.com\/embed\/U5AnVNuwfaA?wmode=transparent&autoplay=0\" width=\"1920\" height=\"1080\" allowfullscreen allow=\"autoplay; fullscreen\"><\/iframe><\/div><\/div><\/div><\/div><\/div><\/div><\/div>\n","protected":false},"excerpt":{"rendered":"<p>Presidente SBO 2019\/2020<\/p>\n","protected":false},"author":1,"featured_media":100004245,"comment_status":"closed","ping_status":"closed","sticky":false,"template":"","format":"standard","meta":{"footnotes":""},"categories":[2,5,19],"tags":[],"class_list":["post-100002230","post","type-post","status-publish","format-standard","has-post-thumbnail","hentry","category-medicos","category-noticias","category-cursos-de-atualizacao-em-anel-de-ferrara"],"yoast_head":"<!-- This site is optimized with the Yoast SEO Premium plugin v24.5 (Yoast SEO v24.5) - https:\/\/yoast.com\/wordpress\/plugins\/seo\/ -->\n<title>Dra. Edna Almodin - M\u00e9dicos Ferrara Ring<\/title>\n<meta name=\"description\" content=\"Em 4 d\u00e9cadas de pr\u00e1tica oftalmol\u00f3gica a Dra. Edna Almodin enfrentou diversos desafios e conquistou um importante espa\u00e7o na oftalmologia ...\" \/>\n<meta name=\"robots\" content=\"index, follow, max-snippet:-1, max-image-preview:large, max-video-preview:-1\" \/>\n<link rel=\"canonical\" href=\"https:\/\/ferrararing.com.br\/medicos\/dra-edna-almodin\/\" \/>\n<meta property=\"og:locale\" content=\"pt_BR\" \/>\n<meta property=\"og:type\" content=\"article\" \/>\n<meta property=\"og:title\" content=\"Dra. Edna Almodin - Presidente SBO 2019\/2020\" \/>\n<meta property=\"og:description\" content=\"Em 4 d\u00e9cadas de pr\u00e1tica oftalmol\u00f3gica a Dra. Edna Almodin enfrentou diversos desafios e conquistou um importante espa\u00e7o na oftalmologia ...\" \/>\n<meta property=\"og:url\" content=\"https:\/\/ferrararing.com.br\/medicos\/dra-edna-almodin\/\" \/>\n<meta property=\"og:site_name\" content=\"M\u00e9dicos Ferrara Ring\" \/>\n<meta property=\"article:publisher\" content=\"https:\/\/www.facebook.com\/ferrara.ring\" \/>\n<meta property=\"article:published_time\" content=\"2019-01-17T21:30:19+00:00\" \/>\n<meta property=\"article:modified_time\" content=\"2022-02-03T16:56:30+00:00\" \/>\n<meta name=\"author\" content=\"Ferrara Admin\" \/>\n<meta name=\"twitter:card\" content=\"summary_large_image\" \/>\n<meta name=\"twitter:title\" content=\"Dra. Edna Almodin - Presidente SBO 2019\/2020\" \/>\n<meta name=\"twitter:description\" content=\"Em 4 d\u00e9cadas de pr\u00e1tica oftalmol\u00f3gica a Dra. Edna Almodin enfrentou diversos desafios e conquistou um importante espa\u00e7o na oftalmologia ...\" \/>\n<meta name=\"twitter:label1\" content=\"Escrito por\" \/>\n\t<meta name=\"twitter:data1\" content=\"Ferrara Admin\" \/>\n\t<meta name=\"twitter:label2\" content=\"Est. tempo de leitura\" \/>\n\t<meta name=\"twitter:data2\" content=\"4 minutos\" \/>\n<script type=\"application\/ld+json\" class=\"yoast-schema-graph\">{\"@context\":\"https:\/\/schema.org\",\"@graph\":[{\"@type\":\"Article\",\"@id\":\"https:\/\/ferrararing.com.br\/medicos\/dra-edna-almodin\/#article\",\"isPartOf\":{\"@id\":\"https:\/\/ferrararing.com.br\/medicos\/dra-edna-almodin\/\"},\"author\":{\"name\":\"Ferrara Admin\",\"@id\":\"https:\/\/ferrararing.com.br\/medicos\/#\/schema\/person\/5419c51f96613ebc40f96ecb2f05af13\"},\"headline\":\"Dra. Edna Almodin\",\"datePublished\":\"2019-01-17T21:30:19+00:00\",\"dateModified\":\"2022-02-03T16:56:30+00:00\",\"mainEntityOfPage\":{\"@id\":\"https:\/\/ferrararing.com.br\/medicos\/dra-edna-almodin\/\"},\"wordCount\":761,\"publisher\":{\"@id\":\"https:\/\/ferrararing.com.br\/medicos\/#organization\"},\"image\":{\"@id\":\"https:\/\/ferrararing.com.br\/medicos\/dra-edna-almodin\/#primaryimage\"},\"thumbnailUrl\":\"https:\/\/ferrararing.com.br\/medicos\/wp-content\/uploads\/sites\/6\/2019\/01\/dra_edna-almodin-congresso-ferrararing.jpg\",\"articleSection\":[\"M\u00e9dicos\",\"Not\u00edcias\",\"Transfer\u00eancia de Tecnologia\"],\"inLanguage\":\"pt-BR\"},{\"@type\":\"WebPage\",\"@id\":\"https:\/\/ferrararing.com.br\/medicos\/dra-edna-almodin\/\",\"url\":\"https:\/\/ferrararing.com.br\/medicos\/dra-edna-almodin\/\",\"name\":\"Dra. Edna Almodin - M\u00e9dicos Ferrara Ring\",\"isPartOf\":{\"@id\":\"https:\/\/ferrararing.com.br\/medicos\/#website\"},\"primaryImageOfPage\":{\"@id\":\"https:\/\/ferrararing.com.br\/medicos\/dra-edna-almodin\/#primaryimage\"},\"image\":{\"@id\":\"https:\/\/ferrararing.com.br\/medicos\/dra-edna-almodin\/#primaryimage\"},\"thumbnailUrl\":\"https:\/\/ferrararing.com.br\/medicos\/wp-content\/uploads\/sites\/6\/2019\/01\/dra_edna-almodin-congresso-ferrararing.jpg\",\"datePublished\":\"2019-01-17T21:30:19+00:00\",\"dateModified\":\"2022-02-03T16:56:30+00:00\",\"description\":\"Em 4 d\u00e9cadas de pr\u00e1tica oftalmol\u00f3gica a Dra. Edna Almodin enfrentou diversos desafios e conquistou um importante espa\u00e7o na oftalmologia ...\",\"breadcrumb\":{\"@id\":\"https:\/\/ferrararing.com.br\/medicos\/dra-edna-almodin\/#breadcrumb\"},\"inLanguage\":\"pt-BR\",\"potentialAction\":[{\"@type\":\"ReadAction\",\"target\":[\"https:\/\/ferrararing.com.br\/medicos\/dra-edna-almodin\/\"]}]},{\"@type\":\"ImageObject\",\"inLanguage\":\"pt-BR\",\"@id\":\"https:\/\/ferrararing.com.br\/medicos\/dra-edna-almodin\/#primaryimage\",\"url\":\"https:\/\/ferrararing.com.br\/medicos\/wp-content\/uploads\/sites\/6\/2019\/01\/dra_edna-almodin-congresso-ferrararing.jpg\",\"contentUrl\":\"https:\/\/ferrararing.com.br\/medicos\/wp-content\/uploads\/sites\/6\/2019\/01\/dra_edna-almodin-congresso-ferrararing.jpg\",\"width\":1920,\"height\":1080},{\"@type\":\"BreadcrumbList\",\"@id\":\"https:\/\/ferrararing.com.br\/medicos\/dra-edna-almodin\/#breadcrumb\",\"itemListElement\":[{\"@type\":\"ListItem\",\"position\":1,\"name\":\"In\u00edcio\",\"item\":\"https:\/\/ferrararing.com.br\/medicos\/\"},{\"@type\":\"ListItem\",\"position\":2,\"name\":\"Dra. Edna Almodin\"}]},{\"@type\":\"WebSite\",\"@id\":\"https:\/\/ferrararing.com.br\/medicos\/#website\",\"url\":\"https:\/\/ferrararing.com.br\/medicos\/\",\"name\":\"M\u00e9dicos Ferrara Ring\",\"description\":\"\u00c1rea Restrita\",\"publisher\":{\"@id\":\"https:\/\/ferrararing.com.br\/medicos\/#organization\"},\"potentialAction\":[{\"@type\":\"SearchAction\",\"target\":{\"@type\":\"EntryPoint\",\"urlTemplate\":\"https:\/\/ferrararing.com.br\/medicos\/?s={search_term_string}\"},\"query-input\":{\"@type\":\"PropertyValueSpecification\",\"valueRequired\":true,\"valueName\":\"search_term_string\"}}],\"inLanguage\":\"pt-BR\"},{\"@type\":\"Organization\",\"@id\":\"https:\/\/ferrararing.com.br\/medicos\/#organization\",\"name\":\"Ferrara Ophthalmics\",\"url\":\"https:\/\/ferrararing.com.br\/medicos\/\",\"logo\":{\"@type\":\"ImageObject\",\"inLanguage\":\"pt-BR\",\"@id\":\"https:\/\/ferrararing.com.br\/medicos\/#\/schema\/logo\/image\/\",\"url\":\"\",\"contentUrl\":\"\",\"caption\":\"Ferrara Ophthalmics\"},\"image\":{\"@id\":\"https:\/\/ferrararing.com.br\/medicos\/#\/schema\/logo\/image\/\"},\"sameAs\":[\"https:\/\/www.facebook.com\/ferrara.ring\",\"https:\/\/www.instagram.com\/ferrara.ring\/\",\"https:\/\/www.youtube.com\/channel\/UCo-9gA533c3gGWVeV_VfjJQ\"]},{\"@type\":\"Person\",\"@id\":\"https:\/\/ferrararing.com.br\/medicos\/#\/schema\/person\/5419c51f96613ebc40f96ecb2f05af13\",\"name\":\"Ferrara Admin\",\"image\":{\"@type\":\"ImageObject\",\"inLanguage\":\"pt-BR\",\"@id\":\"https:\/\/ferrararing.com.br\/medicos\/#\/schema\/person\/image\/\",\"url\":\"https:\/\/secure.gravatar.com\/avatar\/be0d2173e64619d430733758d313290b?s=96&d=wp_user_avatar&r=g\",\"contentUrl\":\"https:\/\/secure.gravatar.com\/avatar\/be0d2173e64619d430733758d313290b?s=96&d=wp_user_avatar&r=g\",\"caption\":\"Ferrara Admin\"},\"sameAs\":[\"https:\/\/ferrararing.com.br\/medicos\/\"]}]}<\/script>\n<!-- \/ Yoast SEO Premium plugin. -->","yoast_head_json":{"title":"Dra. Edna Almodin - M\u00e9dicos Ferrara Ring","description":"Em 4 d\u00e9cadas de pr\u00e1tica oftalmol\u00f3gica a Dra. Edna Almodin enfrentou diversos desafios e conquistou um importante espa\u00e7o na oftalmologia ...","robots":{"index":"index","follow":"follow","max-snippet":"max-snippet:-1","max-image-preview":"max-image-preview:large","max-video-preview":"max-video-preview:-1"},"canonical":"https:\/\/ferrararing.com.br\/medicos\/dra-edna-almodin\/","og_locale":"pt_BR","og_type":"article","og_title":"Dra. Edna Almodin - Presidente SBO 2019\/2020","og_description":"Em 4 d\u00e9cadas de pr\u00e1tica oftalmol\u00f3gica a Dra. Edna Almodin enfrentou diversos desafios e conquistou um importante espa\u00e7o na oftalmologia ...","og_url":"https:\/\/ferrararing.com.br\/medicos\/dra-edna-almodin\/","og_site_name":"M\u00e9dicos Ferrara Ring","article_publisher":"https:\/\/www.facebook.com\/ferrara.ring","article_published_time":"2019-01-17T21:30:19+00:00","article_modified_time":"2022-02-03T16:56:30+00:00","author":"Ferrara Admin","twitter_card":"summary_large_image","twitter_title":"Dra. Edna Almodin - Presidente SBO 2019\/2020","twitter_description":"Em 4 d\u00e9cadas de pr\u00e1tica oftalmol\u00f3gica a Dra. Edna Almodin enfrentou diversos desafios e conquistou um importante espa\u00e7o na oftalmologia ...","twitter_misc":{"Escrito por":"Ferrara Admin","Est. tempo de leitura":"4 minutos"},"schema":{"@context":"https:\/\/schema.org","@graph":[{"@type":"Article","@id":"https:\/\/ferrararing.com.br\/medicos\/dra-edna-almodin\/#article","isPartOf":{"@id":"https:\/\/ferrararing.com.br\/medicos\/dra-edna-almodin\/"},"author":{"name":"Ferrara Admin","@id":"https:\/\/ferrararing.com.br\/medicos\/#\/schema\/person\/5419c51f96613ebc40f96ecb2f05af13"},"headline":"Dra. Edna Almodin","datePublished":"2019-01-17T21:30:19+00:00","dateModified":"2022-02-03T16:56:30+00:00","mainEntityOfPage":{"@id":"https:\/\/ferrararing.com.br\/medicos\/dra-edna-almodin\/"},"wordCount":761,"publisher":{"@id":"https:\/\/ferrararing.com.br\/medicos\/#organization"},"image":{"@id":"https:\/\/ferrararing.com.br\/medicos\/dra-edna-almodin\/#primaryimage"},"thumbnailUrl":"https:\/\/ferrararing.com.br\/medicos\/wp-content\/uploads\/sites\/6\/2019\/01\/dra_edna-almodin-congresso-ferrararing.jpg","articleSection":["M\u00e9dicos","Not\u00edcias","Transfer\u00eancia de Tecnologia"],"inLanguage":"pt-BR"},{"@type":"WebPage","@id":"https:\/\/ferrararing.com.br\/medicos\/dra-edna-almodin\/","url":"https:\/\/ferrararing.com.br\/medicos\/dra-edna-almodin\/","name":"Dra. Edna Almodin - M\u00e9dicos Ferrara Ring","isPartOf":{"@id":"https:\/\/ferrararing.com.br\/medicos\/#website"},"primaryImageOfPage":{"@id":"https:\/\/ferrararing.com.br\/medicos\/dra-edna-almodin\/#primaryimage"},"image":{"@id":"https:\/\/ferrararing.com.br\/medicos\/dra-edna-almodin\/#primaryimage"},"thumbnailUrl":"https:\/\/ferrararing.com.br\/medicos\/wp-content\/uploads\/sites\/6\/2019\/01\/dra_edna-almodin-congresso-ferrararing.jpg","datePublished":"2019-01-17T21:30:19+00:00","dateModified":"2022-02-03T16:56:30+00:00","description":"Em 4 d\u00e9cadas de pr\u00e1tica oftalmol\u00f3gica a Dra. Edna Almodin enfrentou diversos desafios e conquistou um importante espa\u00e7o na oftalmologia ...","breadcrumb":{"@id":"https:\/\/ferrararing.com.br\/medicos\/dra-edna-almodin\/#breadcrumb"},"inLanguage":"pt-BR","potentialAction":[{"@type":"ReadAction","target":["https:\/\/ferrararing.com.br\/medicos\/dra-edna-almodin\/"]}]},{"@type":"ImageObject","inLanguage":"pt-BR","@id":"https:\/\/ferrararing.com.br\/medicos\/dra-edna-almodin\/#primaryimage","url":"https:\/\/ferrararing.com.br\/medicos\/wp-content\/uploads\/sites\/6\/2019\/01\/dra_edna-almodin-congresso-ferrararing.jpg","contentUrl":"https:\/\/ferrararing.com.br\/medicos\/wp-content\/uploads\/sites\/6\/2019\/01\/dra_edna-almodin-congresso-ferrararing.jpg","width":1920,"height":1080},{"@type":"BreadcrumbList","@id":"https:\/\/ferrararing.com.br\/medicos\/dra-edna-almodin\/#breadcrumb","itemListElement":[{"@type":"ListItem","position":1,"name":"In\u00edcio","item":"https:\/\/ferrararing.com.br\/medicos\/"},{"@type":"ListItem","position":2,"name":"Dra. Edna Almodin"}]},{"@type":"WebSite","@id":"https:\/\/ferrararing.com.br\/medicos\/#website","url":"https:\/\/ferrararing.com.br\/medicos\/","name":"M\u00e9dicos Ferrara Ring","description":"\u00c1rea Restrita","publisher":{"@id":"https:\/\/ferrararing.com.br\/medicos\/#organization"},"potentialAction":[{"@type":"SearchAction","target":{"@type":"EntryPoint","urlTemplate":"https:\/\/ferrararing.com.br\/medicos\/?s={search_term_string}"},"query-input":{"@type":"PropertyValueSpecification","valueRequired":true,"valueName":"search_term_string"}}],"inLanguage":"pt-BR"},{"@type":"Organization","@id":"https:\/\/ferrararing.com.br\/medicos\/#organization","name":"Ferrara Ophthalmics","url":"https:\/\/ferrararing.com.br\/medicos\/","logo":{"@type":"ImageObject","inLanguage":"pt-BR","@id":"https:\/\/ferrararing.com.br\/medicos\/#\/schema\/logo\/image\/","url":"","contentUrl":"","caption":"Ferrara Ophthalmics"},"image":{"@id":"https:\/\/ferrararing.com.br\/medicos\/#\/schema\/logo\/image\/"},"sameAs":["https:\/\/www.facebook.com\/ferrara.ring","https:\/\/www.instagram.com\/ferrara.ring\/","https:\/\/www.youtube.com\/channel\/UCo-9gA533c3gGWVeV_VfjJQ"]},{"@type":"Person","@id":"https:\/\/ferrararing.com.br\/medicos\/#\/schema\/person\/5419c51f96613ebc40f96ecb2f05af13","name":"Ferrara Admin","image":{"@type":"ImageObject","inLanguage":"pt-BR","@id":"https:\/\/ferrararing.com.br\/medicos\/#\/schema\/person\/image\/","url":"https:\/\/secure.gravatar.com\/avatar\/be0d2173e64619d430733758d313290b?s=96&d=wp_user_avatar&r=g","contentUrl":"https:\/\/secure.gravatar.com\/avatar\/be0d2173e64619d430733758d313290b?s=96&d=wp_user_avatar&r=g","caption":"Ferrara Admin"},"sameAs":["https:\/\/ferrararing.com.br\/medicos\/"]}]}},"_links":{"self":[{"href":"https:\/\/ferrararing.com.br\/medicos\/wp-json\/wp\/v2\/posts\/100002230","targetHints":{"allow":["GET"]}}],"collection":[{"href":"https:\/\/ferrararing.com.br\/medicos\/wp-json\/wp\/v2\/posts"}],"about":[{"href":"https:\/\/ferrararing.com.br\/medicos\/wp-json\/wp\/v2\/types\/post"}],"author":[{"embeddable":true,"href":"https:\/\/ferrararing.com.br\/medicos\/wp-json\/wp\/v2\/users\/1"}],"replies":[{"embeddable":true,"href":"https:\/\/ferrararing.com.br\/medicos\/wp-json\/wp\/v2\/comments?post=100002230"}],"version-history":[{"count":7,"href":"https:\/\/ferrararing.com.br\/medicos\/wp-json\/wp\/v2\/posts\/100002230\/revisions"}],"predecessor-version":[{"id":100004250,"href":"https:\/\/ferrararing.com.br\/medicos\/wp-json\/wp\/v2\/posts\/100002230\/revisions\/100004250"}],"wp:featuredmedia":[{"embeddable":true,"href":"https:\/\/ferrararing.com.br\/medicos\/wp-json\/wp\/v2\/media\/100004245"}],"wp:attachment":[{"href":"https:\/\/ferrararing.com.br\/medicos\/wp-json\/wp\/v2\/media?parent=100002230"}],"wp:term":[{"taxonomy":"category","embeddable":true,"href":"https:\/\/ferrararing.com.br\/medicos\/wp-json\/wp\/v2\/categories?post=100002230"},{"taxonomy":"post_tag","embeddable":true,"href":"https:\/\/ferrararing.com.br\/medicos\/wp-json\/wp\/v2\/tags?post=100002230"}],"curies":[{"name":"wp","href":"https:\/\/api.w.org\/{rel}","templated":true}]}}