{"id":100002375,"date":"2018-11-13T16:30:59","date_gmt":"2018-11-13T18:30:59","guid":{"rendered":"https:\/\/ferrararing.com.br\/?p=100002375"},"modified":"2022-02-03T13:49:45","modified_gmt":"2022-02-03T16:49:45","slug":"ii-ferrara-meetings-brasil","status":"publish","type":"post","link":"https:\/\/ferrararing.com.br\/medicos\/ii-ferrara-meetings-brasil\/","title":{"rendered":"II Ferrara Meetings Brasil SBO-RJ"},"content":{"rendered":"<p><div class=\"fusion-fullwidth fullwidth-box fusion-builder-row-1 fusion-flex-container nonhundred-percent-fullwidth non-hundred-percent-height-scrolling\" style=\"--awb-border-radius-top-left:0px;--awb-border-radius-top-right:0px;--awb-border-radius-bottom-right:0px;--awb-border-radius-bottom-left:0px;--awb-padding-top:50px;--awb-flex-wrap:wrap;\" ><div class=\"fusion-builder-row fusion-row fusion-flex-align-items-flex-start fusion-flex-content-wrap\" style=\"max-width:1248px;margin-left: calc(-4% \/ 2 );margin-right: calc(-4% \/ 2 );\"><div class=\"fusion-layout-column fusion_builder_column fusion-builder-column-0 fusion_builder_column_1_3 1_3 fusion-flex-column\" style=\"--awb-bg-size:cover;--awb-border-color:#ffeb3b;--awb-border-bottom:1px;--awb-border-style:solid;--awb-width-large:33.333333333333%;--awb-margin-top-large:0px;--awb-spacing-right-large:5.76%;--awb-margin-bottom-large:20px;--awb-spacing-left-large:5.76%;--awb-width-medium:33.333333333333%;--awb-order-medium:0;--awb-spacing-right-medium:5.76%;--awb-spacing-left-medium:5.76%;--awb-width-small:100%;--awb-order-small:0;--awb-spacing-right-small:1.92%;--awb-spacing-left-small:1.92%;\"><div class=\"fusion-column-wrapper fusion-column-has-shadow fusion-flex-justify-content-flex-start fusion-content-layout-column\"><i class=\"fb-icon-element-1 fb-icon-element fontawesome-icon fa-dot-circle far circle-yes\" style=\"--awb-circlecolor:#ffc107;--awb-circlecolor-hover:#ffc107;--awb-circlebordercolor:rgba(255,193,7,0);--awb-circlebordercolor-hover:rgba(233,168,37,0);--awb-circlebordersize:1px;--awb-font-size:28.16px;--awb-width:56.32px;--awb-height:56.32px;--awb-line-height:54.32px;--awb-margin-top:0;--awb-margin-right:0;--awb-margin-bottom:0;--awb-margin-left:0;--awb-align-self:center;\"><\/i><div class=\"fusion-title title fusion-title-1 fusion-title-center fusion-title-text fusion-title-size-one\" style=\"--awb-font-size:18px;\"><div class=\"title-sep-container title-sep-container-left\"><div class=\"title-sep sep-double sep-solid\" style=\"border-color:#e2e2e2;\"><\/div><\/div><span class=\"awb-title-spacer\"><\/span><h1 class=\"fusion-title-heading title-heading-center\" style=\"margin:0;font-size:1em;\"><p style=\"text-align: center\"><label class=\"text-m\"><strong>Coordena\u00e7\u00e3o<\/strong><br \/>\n<\/label>Dr. Renato Ambr\u00f3sio Jr<\/p><\/h1><span class=\"awb-title-spacer\"><\/span><div class=\"title-sep-container title-sep-container-right\"><div class=\"title-sep sep-double sep-solid\" style=\"border-color:#e2e2e2;\"><\/div><\/div><\/div><\/div><\/div><div class=\"fusion-layout-column fusion_builder_column fusion-builder-column-1 fusion_builder_column_1_3 1_3 fusion-flex-column\" style=\"--awb-bg-size:cover;--awb-border-color:#ffeb3b;--awb-border-bottom:1px;--awb-border-style:solid;--awb-width-large:33.333333333333%;--awb-margin-top-large:0px;--awb-spacing-right-large:5.76%;--awb-margin-bottom-large:20px;--awb-spacing-left-large:5.76%;--awb-width-medium:33.333333333333%;--awb-order-medium:0;--awb-spacing-right-medium:5.76%;--awb-spacing-left-medium:5.76%;--awb-width-small:100%;--awb-order-small:0;--awb-spacing-right-small:1.92%;--awb-spacing-left-small:1.92%;\"><div class=\"fusion-column-wrapper fusion-column-has-shadow fusion-flex-justify-content-flex-start fusion-content-layout-column\"><i class=\"fb-icon-element-2 fb-icon-element fontawesome-icon fa-eye far circle-yes\" style=\"--awb-circlecolor:#ffc107;--awb-circlecolor-hover:#ffc107;--awb-circlebordercolor:rgba(255,193,7,0);--awb-circlebordercolor-hover:rgba(233,168,37,0);--awb-circlebordersize:1px;--awb-font-size:28.16px;--awb-width:56.32px;--awb-height:56.32px;--awb-line-height:54.32px;--awb-margin-top:0;--awb-margin-right:0;--awb-margin-bottom:0;--awb-margin-left:0;--awb-align-self:center;\"><\/i><div class=\"fusion-title title fusion-title-2 fusion-title-center fusion-title-text fusion-title-size-one\" style=\"--awb-font-size:18px;\"><div class=\"title-sep-container title-sep-container-left\"><div class=\"title-sep sep-double sep-solid\" style=\"border-color:#e2e2e2;\"><\/div><\/div><span class=\"awb-title-spacer\"><\/span><h1 class=\"fusion-title-heading title-heading-center\" style=\"margin:0;font-size:1em;\"><p style=\"text-align: center\"><label class=\"text-m\"><strong>Anel de Ferrara<\/strong><br \/>\n<\/label>Curso Te\u00f3rico<\/p><\/h1><span class=\"awb-title-spacer\"><\/span><div class=\"title-sep-container title-sep-container-right\"><div class=\"title-sep sep-double sep-solid\" style=\"border-color:#e2e2e2;\"><\/div><\/div><\/div><\/div><\/div><div class=\"fusion-layout-column fusion_builder_column fusion-builder-column-2 fusion_builder_column_1_3 1_3 fusion-flex-column\" style=\"--awb-bg-size:cover;--awb-border-color:#ffeb3b;--awb-border-bottom:1px;--awb-border-style:solid;--awb-width-large:33.333333333333%;--awb-margin-top-large:0px;--awb-spacing-right-large:5.76%;--awb-margin-bottom-large:20px;--awb-spacing-left-large:5.76%;--awb-width-medium:33.333333333333%;--awb-order-medium:0;--awb-spacing-right-medium:5.76%;--awb-spacing-left-medium:5.76%;--awb-width-small:100%;--awb-order-small:0;--awb-spacing-right-small:1.92%;--awb-spacing-left-small:1.92%;\"><div class=\"fusion-column-wrapper fusion-column-has-shadow fusion-flex-justify-content-flex-start fusion-content-layout-column\"><i class=\"fb-icon-element-3 fb-icon-element fontawesome-icon fa-eye-slash far circle-yes\" style=\"--awb-circlecolor:#ffc107;--awb-circlecolor-hover:#ffc107;--awb-circlebordercolor:rgba(255,193,7,0);--awb-circlebordercolor-hover:rgba(233,168,37,0);--awb-circlebordersize:1px;--awb-font-size:28.16px;--awb-width:56.32px;--awb-height:56.32px;--awb-line-height:54.32px;--awb-margin-top:0;--awb-margin-right:0;--awb-margin-bottom:0;--awb-margin-left:0;--awb-align-self:center;\"><\/i><div class=\"fusion-title title fusion-title-3 fusion-title-center fusion-title-text fusion-title-size-one\" style=\"--awb-font-size:18px;\"><div class=\"title-sep-container title-sep-container-left\"><div class=\"title-sep sep-double sep-solid\" style=\"border-color:#e2e2e2;\"><\/div><\/div><span class=\"awb-title-spacer\"><\/span><h1 class=\"fusion-title-heading title-heading-center\" style=\"margin:0;font-size:1em;\"><p style=\"text-align: center\"><label class=\"text-m\"><strong>WetLab<\/strong><br \/>\n<\/label>T\u00e9cnica Manual<\/p><\/h1><span class=\"awb-title-spacer\"><\/span><div class=\"title-sep-container title-sep-container-right\"><div class=\"title-sep sep-double sep-solid\" style=\"border-color:#e2e2e2;\"><\/div><\/div><\/div><\/div><\/div><div class=\"fusion-layout-column fusion_builder_column fusion-builder-column-3 fusion_builder_column_1_1 1_1 fusion-flex-column\" style=\"--awb-bg-size:cover;--awb-width-large:100%;--awb-margin-top-large:0px;--awb-spacing-right-large:1.92%;--awb-margin-bottom-large:20px;--awb-spacing-left-large:1.92%;--awb-width-medium:100%;--awb-order-medium:0;--awb-spacing-right-medium:1.92%;--awb-spacing-left-medium:1.92%;--awb-width-small:100%;--awb-order-small:0;--awb-spacing-right-small:1.92%;--awb-spacing-left-small:1.92%;\"><div class=\"fusion-column-wrapper fusion-column-has-shadow fusion-flex-justify-content-flex-start fusion-content-layout-column\"><div class=\"fusion-text fusion-text-1\"><h4 style=\"text-align: center\">Coordena\u00e7\u00e3o:\u00a0<strong>Dr. Renato Ambr\u00f3sio Jr<\/strong><br \/>\nRealiza\u00e7\u00e3o: SBO &#8211;\u00a0Presidente <strong>Dra. Edna Almodin<\/strong><br \/>\nApoio:\u00a0<strong>Ferrara Ophthalmics<\/strong><\/h4>\n<p style=\"text-align: center\"><strong>M\u00e9dicos Confirmados<\/strong><br \/>\nDra. Edna Almodin, Dr. Frederico Bicalho, Dr. Frederico Guerra, Dr. Guilherme Ferrara, Dra. Juliana Almodin, Dr. Marcelo Lui, Dr. Pablo Rodrigues, Dr. Paulo Ferrara, Dr. Renato Ambr\u00f3sio Jr.<\/p>\n<\/div><div class=\"fusion-content-boxes content-boxes columns row fusion-columns-2 fusion-columns-total-4 fusion-content-boxes-1 content-boxes-icon-on-side content-left\" style=\"--awb-backgroundcolor:#f4f4f4;--awb-margin-bottom:10px;--awb-hover-accent-color:#e9a825;--awb-circle-hover-accent-color:#e9a825;\" data-animationOffset=\"top-into-view\"><div style=\"--awb-backgroundcolor:#f4f4f4;\" class=\"fusion-column content-box-column content-box-column content-box-column-1 col-lg-6 col-md-6 col-sm-6 fusion-content-box-hover content-box-column-first-in-row\"><div class=\"col content-box-wrapper content-wrapper-background link-area-link-icon content-icon-wrapper-yes icon-hover-animation-fade\" data-animationOffset=\"top-into-view\"><div class=\"heading icon-left\"><h2 class=\"content-box-heading\" style=\"--h2_typography-font-size:24px;line-height:29px;\">SBO-RJ 2019 - 27 DE ABRIL<\/h2><\/div><div class=\"fusion-clearfix\"><\/div><div class=\"content-container\">\n<ul>\n<li><strong>HIST\u00d3RIA DO ANEL<\/strong><br \/>\nPAULO FERRARA (MG)<\/li>\n<li><strong>DIAGN\u00d3STICO<\/strong><br \/>\nRENATO AMBR\u00d3SIO JR. (RJ)<\/li>\n<li><strong>INDICA\u00c7\u00d5ES<\/strong><br \/>\nMARCELO LUI (SP)<\/li>\n<li><strong>T\u00c9CNICA CIR\u00daRGICA MANUAL<\/strong><br \/>\nGUILHERME FERRARA (MG)<\/li>\n<li><strong>T\u00c9CNICA ASSISTIDA POR LASER DE FEMTOSEGUNDO<\/strong><br \/>\nDR. FREDERICO BICALHO (MG)<\/li>\n<li><strong>NOMOGRAMA<\/strong><br \/>\nDRA. EDNA ALMODIN (PR)<\/li>\n<\/ul>\n<\/div><\/div><\/div><div style=\"--awb-backgroundcolor:#f4f4f4;\" class=\"fusion-column content-box-column content-box-column content-box-column-2 col-lg-6 col-md-6 col-sm-6 fusion-content-box-hover content-box-column-last-in-row\"><div class=\"col content-box-wrapper content-wrapper-background link-area-link-icon content-icon-wrapper-yes icon-hover-animation-fade\" data-animationOffset=\"top-into-view\"><div class=\"fusion-clearfix\"><\/div><div class=\"content-container\">\n<ul>\n<li><strong>COMPLICA\u00c7\u00d5ES<\/strong><br \/>\nFREDERICO GUERRA (RJ)<\/li>\n<li><strong>CORRE\u00c7\u00c3O DO GRAU RESIDUAL COM LC ESCLERAL<\/strong><br \/>\nDRA. JULIANA ALMODIN (PR)<\/li>\n<li><strong>OS NOVOS AN\u00c9IS &#8211; ANEL DE 320 RESULTADOS<\/strong><br \/>\nPAULO FERRARA (MG)<\/li>\n<li><strong>ANEL HM RESULTADOS<\/strong><br \/>\nPABLO RODRIGUES (SP)<\/li>\n<li><strong>RESULTADOS DE GRUPO<\/strong><br \/>\nFREDERICO BICALHO (MG)<\/li>\n<\/ul>\n<\/div><\/div><\/div><div style=\"--awb-backgroundcolor:#f4f4f4;\" class=\"fusion-column content-box-column content-box-column content-box-column-3 col-lg-6 col-md-6 col-sm-6 fusion-content-box-hover content-box-column-first-in-row\"><div class=\"col content-box-wrapper content-wrapper-background link-area-link-icon content-icon-wrapper-yes icon-hover-animation-fade\" data-animationOffset=\"top-into-view\"><div class=\"fusion-clearfix\"><\/div><div class=\"content-container\">\n<ul>\n<li><strong>APRESENTA\u00c7\u00c3O DE CASOS: ANEL DE 320<\/strong><br \/>\nDISCUSS\u00c3O: \u2028DR. PAULO FERRARA (MG)<\/li>\n<li><strong>ANEL HM<\/strong><br \/>\nPAULO FERRARA (MG)<em><br \/>\n<\/em>DISCUSS\u00c3O: PABLO RODRIGUES (SP)<\/li>\n<li><strong>ANEL EM BOWIE TIE<\/strong><br \/>\nMARCELO LUI (RJ)<br \/>\nDISCUSS\u00c3O: RENATO AMBR\u00d3SIO JR.(RJ)<\/li>\n<\/ul>\n<\/div><\/div><\/div><div style=\"--awb-backgroundcolor:#f4f4f4;\" class=\"fusion-column content-box-column content-box-column content-box-column-4 col-lg-6 col-md-6 col-sm-6 fusion-content-box-hover content-box-column-last content-box-column-last-in-row\"><div class=\"col content-box-wrapper content-wrapper-background link-area-link-icon content-icon-wrapper-yes icon-hover-animation-fade\" data-animationOffset=\"top-into-view\"><div class=\"fusion-clearfix\"><\/div><div class=\"content-container\">\n<ul>\n<li><strong>CROSS LINK P\u00d3S ANEL<\/strong><br \/>\nFREDERICO BICALHO (MG)<br \/>\nDISCUSS\u00c3O: GUILHERME FERRARA (MG)<\/li>\n<li><strong>EXTRUS\u00c3O<\/strong><br \/>\nGUILHERME FERRARA (MG)<br \/>\nDISCUSS\u00c3O: FREDERICO GUERRA (RJ)<\/li>\n<li><strong>ANEL EM PEL\u00daCIDA<\/strong><br \/>\nFREDERICO GUERRA (RJ)<br \/>\nDISCUSS\u00c3O: RENATO AMBR\u00d3SIO JR. (RJ)<\/li>\n<\/ul>\n<\/div><\/div><\/div><div class=\"fusion-clearfix\"><\/div><\/div><\/div><\/div><\/div><\/div><div class=\"fusion-fullwidth fullwidth-box fusion-builder-row-2 fusion-flex-container nonhundred-percent-fullwidth non-hundred-percent-height-scrolling\" style=\"--awb-border-radius-top-left:0px;--awb-border-radius-top-right:0px;--awb-border-radius-bottom-right:0px;--awb-border-radius-bottom-left:0px;--awb-padding-top:50px;--awb-padding-bottom:50px;--awb-flex-wrap:wrap;\" ><div class=\"fusion-builder-row fusion-row fusion-flex-align-items-flex-start fusion-flex-content-wrap\" style=\"max-width:1248px;margin-left: calc(-4% \/ 2 );margin-right: calc(-4% \/ 2 );\"><div class=\"fusion-layout-column fusion_builder_column fusion-builder-column-4 fusion_builder_column_1_2 1_2 fusion-flex-column\" style=\"--awb-bg-size:cover;--awb-width-large:50%;--awb-margin-top-large:0px;--awb-spacing-right-large:3.84%;--awb-margin-bottom-large:20px;--awb-spacing-left-large:3.84%;--awb-width-medium:50%;--awb-order-medium:0;--awb-spacing-right-medium:3.84%;--awb-spacing-left-medium:3.84%;--awb-width-small:100%;--awb-order-small:0;--awb-spacing-right-small:1.92%;--awb-spacing-left-small:1.92%;\"><div class=\"fusion-column-wrapper fusion-column-has-shadow fusion-flex-justify-content-flex-start fusion-content-layout-column\"><div class=\"fusion-title title fusion-title-4 sep-underline sep-solid fusion-title-text fusion-title-size-one\" style=\"--awb-sep-color:#ffc107;--awb-font-size:18px;\"><h1 class=\"fusion-title-heading title-heading-left\" style=\"margin:0;font-size:1em;\">Realiza\u00e7\u00e3o<\/h1><\/div><div class=\"fusion-image-element \" style=\"--awb-max-width:100px;--awb-caption-title-font-family:var(--h2_typography-font-family);--awb-caption-title-font-weight:var(--h2_typography-font-weight);--awb-caption-title-font-style:var(--h2_typography-font-style);--awb-caption-title-size:var(--h2_typography-font-size);--awb-caption-title-transform:var(--h2_typography-text-transform);--awb-caption-title-line-height:var(--h2_typography-line-height);--awb-caption-title-letter-spacing:var(--h2_typography-letter-spacing);\"><span class=\" fusion-imageframe imageframe-none imageframe-1 hover-type-none\"><img decoding=\"async\" width=\"215\" height=\"100\" alt=\"logo SBO\" title=\"SBO\" src=\"https:\/\/ferrararing.com.br\/medicos\/wp-content\/uploads\/sites\/6\/2020\/05\/SBo.png\" class=\"img-responsive wp-image-100003982\" srcset=\"https:\/\/ferrararing.com.br\/medicos\/wp-content\/uploads\/sites\/6\/2020\/05\/SBo-200x93.png 200w, https:\/\/ferrararing.com.br\/medicos\/wp-content\/uploads\/sites\/6\/2020\/05\/SBo.png 215w\" sizes=\"(max-width: 640px) 100vw, 215px\" \/><\/span><\/div><\/div><\/div><div class=\"fusion-layout-column fusion_builder_column fusion-builder-column-5 fusion_builder_column_1_2 1_2 fusion-flex-column\" style=\"--awb-bg-size:cover;--awb-width-large:50%;--awb-margin-top-large:0px;--awb-spacing-right-large:3.84%;--awb-margin-bottom-large:20px;--awb-spacing-left-large:3.84%;--awb-width-medium:50%;--awb-order-medium:0;--awb-spacing-right-medium:3.84%;--awb-spacing-left-medium:3.84%;--awb-width-small:100%;--awb-order-small:0;--awb-spacing-right-small:1.92%;--awb-spacing-left-small:1.92%;\"><div class=\"fusion-column-wrapper fusion-column-has-shadow fusion-flex-justify-content-flex-start fusion-content-layout-column\"><div class=\"fusion-title title fusion-title-5 sep-underline sep-solid fusion-title-text fusion-title-size-one\" style=\"--awb-sep-color:#ffc107;--awb-font-size:18px;\"><h1 class=\"fusion-title-heading title-heading-left\" style=\"margin:0;font-size:1em;\">Apoio<\/h1><\/div><div class=\"fusion-image-element \" style=\"--awb-max-width:130px;--awb-caption-title-font-family:var(--h2_typography-font-family);--awb-caption-title-font-weight:var(--h2_typography-font-weight);--awb-caption-title-font-style:var(--h2_typography-font-style);--awb-caption-title-size:var(--h2_typography-font-size);--awb-caption-title-transform:var(--h2_typography-text-transform);--awb-caption-title-line-height:var(--h2_typography-line-height);--awb-caption-title-letter-spacing:var(--h2_typography-letter-spacing);\"><span class=\" fusion-imageframe imageframe-none imageframe-2 hover-type-none\"><img decoding=\"async\" width=\"200\" height=\"60\" title=\"ferrara-ophthalmics-200&#215;60-1\" src=\"https:\/\/ferrararing.com.br\/medicos\/wp-content\/uploads\/sites\/6\/2019\/12\/ferrara-ophthalmics-200x60-1.png\" alt class=\"img-responsive wp-image-100004045\"\/><\/span><\/div><\/div><\/div><\/div><\/div><\/p>\n","protected":false},"excerpt":{"rendered":"<p>27 de Abril de 2019, Rio de Janeiro-RJ<\/p>\n","protected":false},"author":1,"featured_media":100004475,"comment_status":"closed","ping_status":"closed","sticky":false,"template":"","format":"standard","meta":{"footnotes":""},"categories":[4,2,5],"tags":[],"class_list":["post-100002375","post","type-post","status-publish","format-standard","has-post-thumbnail","hentry","category-ferrara-meetings","category-medicos","category-noticias"],"yoast_head":"<!-- This site is optimized with the Yoast SEO Premium plugin v24.5 (Yoast SEO v24.5) - https:\/\/yoast.com\/wordpress\/plugins\/seo\/ -->\n<title>II Ferrara Meetings Brasil SBO-RJ - 27 de Abril de 2019 - SBO - RIO - M\u00e9dicos Ferrara Ring<\/title>\n<meta name=\"description\" content=\"Encontre m\u00e9dicos especialistas no tratamento do ceratocone. Coordena\u00e7\u00e3o: Dr. Renato Ambr\u00f3sio Jr Realiza\u00e7\u00e3o: SBO - Presidente Dra. Edna Almodin Apoio: Ferrara Ophthalmics\" \/>\n<meta name=\"robots\" content=\"index, follow, max-snippet:-1, max-image-preview:large, max-video-preview:-1\" \/>\n<link rel=\"canonical\" href=\"https:\/\/ferrararing.com.br\/medicos\/ii-ferrara-meetings-brasil\/\" \/>\n<meta property=\"og:locale\" content=\"pt_BR\" \/>\n<meta property=\"og:type\" content=\"article\" \/>\n<meta property=\"og:title\" content=\"II Ferrara Meetings Brasil SBO-RJ\" \/>\n<meta property=\"og:description\" content=\"Encontre m\u00e9dicos especialistas no tratamento do ceratocone. Coordena\u00e7\u00e3o: Dr. Renato Ambr\u00f3sio Jr Realiza\u00e7\u00e3o: SBO - Presidente Dra. Edna Almodin Apoio: Ferrara Ophthalmics\" \/>\n<meta property=\"og:url\" content=\"https:\/\/ferrararing.com.br\/medicos\/ii-ferrara-meetings-brasil\/\" \/>\n<meta property=\"og:site_name\" content=\"M\u00e9dicos Ferrara Ring\" \/>\n<meta property=\"article:publisher\" content=\"https:\/\/www.facebook.com\/ferrara.ring\" \/>\n<meta property=\"article:published_time\" content=\"2018-11-13T18:30:59+00:00\" \/>\n<meta property=\"article:modified_time\" content=\"2022-02-03T16:49:45+00:00\" \/>\n<meta property=\"og:image\" content=\"https:\/\/ferrararing.com.br\/medicos\/wp-content\/uploads\/sites\/6\/2018\/11\/cristo_redentor-0001.jpg\" \/>\n\t<meta property=\"og:image:width\" content=\"1920\" \/>\n\t<meta property=\"og:image:height\" content=\"1164\" \/>\n\t<meta property=\"og:image:type\" content=\"image\/jpeg\" \/>\n<meta name=\"author\" content=\"Ferrara Admin\" \/>\n<meta name=\"twitter:card\" content=\"summary_large_image\" \/>\n<meta name=\"twitter:label1\" content=\"Escrito por\" \/>\n\t<meta name=\"twitter:data1\" content=\"Ferrara Admin\" \/>\n\t<meta name=\"twitter:label2\" content=\"Est. tempo de leitura\" \/>\n\t<meta name=\"twitter:data2\" content=\"18 minutos\" \/>\n<script type=\"application\/ld+json\" class=\"yoast-schema-graph\">{\"@context\":\"https:\/\/schema.org\",\"@graph\":[{\"@type\":\"Article\",\"@id\":\"https:\/\/ferrararing.com.br\/medicos\/ii-ferrara-meetings-brasil\/#article\",\"isPartOf\":{\"@id\":\"https:\/\/ferrararing.com.br\/medicos\/ii-ferrara-meetings-brasil\/\"},\"author\":{\"name\":\"Ferrara Admin\",\"@id\":\"https:\/\/ferrararing.com.br\/medicos\/#\/schema\/person\/5419c51f96613ebc40f96ecb2f05af13\"},\"headline\":\"II Ferrara Meetings Brasil SBO-RJ\",\"datePublished\":\"2018-11-13T18:30:59+00:00\",\"dateModified\":\"2022-02-03T16:49:45+00:00\",\"mainEntityOfPage\":{\"@id\":\"https:\/\/ferrararing.com.br\/medicos\/ii-ferrara-meetings-brasil\/\"},\"wordCount\":3657,\"publisher\":{\"@id\":\"https:\/\/ferrararing.com.br\/medicos\/#organization\"},\"image\":{\"@id\":\"https:\/\/ferrararing.com.br\/medicos\/ii-ferrara-meetings-brasil\/#primaryimage\"},\"thumbnailUrl\":\"https:\/\/ferrararing.com.br\/medicos\/wp-content\/uploads\/sites\/6\/2018\/11\/cristo_redentor-0001.jpg\",\"articleSection\":[\"Ferrara Meetings\",\"M\u00e9dicos\",\"Not\u00edcias\"],\"inLanguage\":\"pt-BR\"},{\"@type\":\"WebPage\",\"@id\":\"https:\/\/ferrararing.com.br\/medicos\/ii-ferrara-meetings-brasil\/\",\"url\":\"https:\/\/ferrararing.com.br\/medicos\/ii-ferrara-meetings-brasil\/\",\"name\":\"II Ferrara Meetings Brasil SBO-RJ - 27 de Abril de 2019 - SBO - RIO - M\u00e9dicos Ferrara Ring\",\"isPartOf\":{\"@id\":\"https:\/\/ferrararing.com.br\/medicos\/#website\"},\"primaryImageOfPage\":{\"@id\":\"https:\/\/ferrararing.com.br\/medicos\/ii-ferrara-meetings-brasil\/#primaryimage\"},\"image\":{\"@id\":\"https:\/\/ferrararing.com.br\/medicos\/ii-ferrara-meetings-brasil\/#primaryimage\"},\"thumbnailUrl\":\"https:\/\/ferrararing.com.br\/medicos\/wp-content\/uploads\/sites\/6\/2018\/11\/cristo_redentor-0001.jpg\",\"datePublished\":\"2018-11-13T18:30:59+00:00\",\"dateModified\":\"2022-02-03T16:49:45+00:00\",\"description\":\"Encontre m\u00e9dicos especialistas no tratamento do ceratocone. Coordena\u00e7\u00e3o: Dr. Renato Ambr\u00f3sio Jr Realiza\u00e7\u00e3o: SBO - Presidente Dra. Edna Almodin Apoio: Ferrara Ophthalmics\",\"breadcrumb\":{\"@id\":\"https:\/\/ferrararing.com.br\/medicos\/ii-ferrara-meetings-brasil\/#breadcrumb\"},\"inLanguage\":\"pt-BR\",\"potentialAction\":[{\"@type\":\"ReadAction\",\"target\":[\"https:\/\/ferrararing.com.br\/medicos\/ii-ferrara-meetings-brasil\/\"]}]},{\"@type\":\"ImageObject\",\"inLanguage\":\"pt-BR\",\"@id\":\"https:\/\/ferrararing.com.br\/medicos\/ii-ferrara-meetings-brasil\/#primaryimage\",\"url\":\"https:\/\/ferrararing.com.br\/medicos\/wp-content\/uploads\/sites\/6\/2018\/11\/cristo_redentor-0001.jpg\",\"contentUrl\":\"https:\/\/ferrararing.com.br\/medicos\/wp-content\/uploads\/sites\/6\/2018\/11\/cristo_redentor-0001.jpg\",\"width\":1920,\"height\":1164},{\"@type\":\"BreadcrumbList\",\"@id\":\"https:\/\/ferrararing.com.br\/medicos\/ii-ferrara-meetings-brasil\/#breadcrumb\",\"itemListElement\":[{\"@type\":\"ListItem\",\"position\":1,\"name\":\"In\u00edcio\",\"item\":\"https:\/\/ferrararing.com.br\/medicos\/\"},{\"@type\":\"ListItem\",\"position\":2,\"name\":\"II Ferrara Meetings Brasil SBO-RJ\"}]},{\"@type\":\"WebSite\",\"@id\":\"https:\/\/ferrararing.com.br\/medicos\/#website\",\"url\":\"https:\/\/ferrararing.com.br\/medicos\/\",\"name\":\"M\u00e9dicos Ferrara Ring\",\"description\":\"\u00c1rea Restrita\",\"publisher\":{\"@id\":\"https:\/\/ferrararing.com.br\/medicos\/#organization\"},\"potentialAction\":[{\"@type\":\"SearchAction\",\"target\":{\"@type\":\"EntryPoint\",\"urlTemplate\":\"https:\/\/ferrararing.com.br\/medicos\/?s={search_term_string}\"},\"query-input\":{\"@type\":\"PropertyValueSpecification\",\"valueRequired\":true,\"valueName\":\"search_term_string\"}}],\"inLanguage\":\"pt-BR\"},{\"@type\":\"Organization\",\"@id\":\"https:\/\/ferrararing.com.br\/medicos\/#organization\",\"name\":\"Ferrara Ophthalmics\",\"url\":\"https:\/\/ferrararing.com.br\/medicos\/\",\"logo\":{\"@type\":\"ImageObject\",\"inLanguage\":\"pt-BR\",\"@id\":\"https:\/\/ferrararing.com.br\/medicos\/#\/schema\/logo\/image\/\",\"url\":\"\",\"contentUrl\":\"\",\"caption\":\"Ferrara Ophthalmics\"},\"image\":{\"@id\":\"https:\/\/ferrararing.com.br\/medicos\/#\/schema\/logo\/image\/\"},\"sameAs\":[\"https:\/\/www.facebook.com\/ferrara.ring\",\"https:\/\/www.instagram.com\/ferrara.ring\/\",\"https:\/\/www.youtube.com\/channel\/UCo-9gA533c3gGWVeV_VfjJQ\"]},{\"@type\":\"Person\",\"@id\":\"https:\/\/ferrararing.com.br\/medicos\/#\/schema\/person\/5419c51f96613ebc40f96ecb2f05af13\",\"name\":\"Ferrara Admin\",\"image\":{\"@type\":\"ImageObject\",\"inLanguage\":\"pt-BR\",\"@id\":\"https:\/\/ferrararing.com.br\/medicos\/#\/schema\/person\/image\/\",\"url\":\"https:\/\/secure.gravatar.com\/avatar\/be0d2173e64619d430733758d313290b?s=96&d=wp_user_avatar&r=g\",\"contentUrl\":\"https:\/\/secure.gravatar.com\/avatar\/be0d2173e64619d430733758d313290b?s=96&d=wp_user_avatar&r=g\",\"caption\":\"Ferrara Admin\"},\"sameAs\":[\"https:\/\/ferrararing.com.br\/medicos\/\"]}]}<\/script>\n<!-- \/ Yoast SEO Premium plugin. -->","yoast_head_json":{"title":"II Ferrara Meetings Brasil SBO-RJ - 27 de Abril de 2019 - SBO - RIO - M\u00e9dicos Ferrara Ring","description":"Encontre m\u00e9dicos especialistas no tratamento do ceratocone. Coordena\u00e7\u00e3o: Dr. Renato Ambr\u00f3sio Jr Realiza\u00e7\u00e3o: SBO - Presidente Dra. Edna Almodin Apoio: Ferrara Ophthalmics","robots":{"index":"index","follow":"follow","max-snippet":"max-snippet:-1","max-image-preview":"max-image-preview:large","max-video-preview":"max-video-preview:-1"},"canonical":"https:\/\/ferrararing.com.br\/medicos\/ii-ferrara-meetings-brasil\/","og_locale":"pt_BR","og_type":"article","og_title":"II Ferrara Meetings Brasil SBO-RJ","og_description":"Encontre m\u00e9dicos especialistas no tratamento do ceratocone. Coordena\u00e7\u00e3o: Dr. Renato Ambr\u00f3sio Jr Realiza\u00e7\u00e3o: SBO - Presidente Dra. Edna Almodin Apoio: Ferrara Ophthalmics","og_url":"https:\/\/ferrararing.com.br\/medicos\/ii-ferrara-meetings-brasil\/","og_site_name":"M\u00e9dicos Ferrara Ring","article_publisher":"https:\/\/www.facebook.com\/ferrara.ring","article_published_time":"2018-11-13T18:30:59+00:00","article_modified_time":"2022-02-03T16:49:45+00:00","og_image":[{"width":1920,"height":1164,"url":"https:\/\/ferrararing.com.br\/medicos\/wp-content\/uploads\/sites\/6\/2018\/11\/cristo_redentor-0001.jpg","type":"image\/jpeg"}],"author":"Ferrara Admin","twitter_card":"summary_large_image","twitter_misc":{"Escrito por":"Ferrara Admin","Est. tempo de leitura":"18 minutos"},"schema":{"@context":"https:\/\/schema.org","@graph":[{"@type":"Article","@id":"https:\/\/ferrararing.com.br\/medicos\/ii-ferrara-meetings-brasil\/#article","isPartOf":{"@id":"https:\/\/ferrararing.com.br\/medicos\/ii-ferrara-meetings-brasil\/"},"author":{"name":"Ferrara Admin","@id":"https:\/\/ferrararing.com.br\/medicos\/#\/schema\/person\/5419c51f96613ebc40f96ecb2f05af13"},"headline":"II Ferrara Meetings Brasil SBO-RJ","datePublished":"2018-11-13T18:30:59+00:00","dateModified":"2022-02-03T16:49:45+00:00","mainEntityOfPage":{"@id":"https:\/\/ferrararing.com.br\/medicos\/ii-ferrara-meetings-brasil\/"},"wordCount":3657,"publisher":{"@id":"https:\/\/ferrararing.com.br\/medicos\/#organization"},"image":{"@id":"https:\/\/ferrararing.com.br\/medicos\/ii-ferrara-meetings-brasil\/#primaryimage"},"thumbnailUrl":"https:\/\/ferrararing.com.br\/medicos\/wp-content\/uploads\/sites\/6\/2018\/11\/cristo_redentor-0001.jpg","articleSection":["Ferrara Meetings","M\u00e9dicos","Not\u00edcias"],"inLanguage":"pt-BR"},{"@type":"WebPage","@id":"https:\/\/ferrararing.com.br\/medicos\/ii-ferrara-meetings-brasil\/","url":"https:\/\/ferrararing.com.br\/medicos\/ii-ferrara-meetings-brasil\/","name":"II Ferrara Meetings Brasil SBO-RJ - 27 de Abril de 2019 - SBO - RIO - M\u00e9dicos Ferrara Ring","isPartOf":{"@id":"https:\/\/ferrararing.com.br\/medicos\/#website"},"primaryImageOfPage":{"@id":"https:\/\/ferrararing.com.br\/medicos\/ii-ferrara-meetings-brasil\/#primaryimage"},"image":{"@id":"https:\/\/ferrararing.com.br\/medicos\/ii-ferrara-meetings-brasil\/#primaryimage"},"thumbnailUrl":"https:\/\/ferrararing.com.br\/medicos\/wp-content\/uploads\/sites\/6\/2018\/11\/cristo_redentor-0001.jpg","datePublished":"2018-11-13T18:30:59+00:00","dateModified":"2022-02-03T16:49:45+00:00","description":"Encontre m\u00e9dicos especialistas no tratamento do ceratocone. Coordena\u00e7\u00e3o: Dr. Renato Ambr\u00f3sio Jr Realiza\u00e7\u00e3o: SBO - Presidente Dra. Edna Almodin Apoio: Ferrara Ophthalmics","breadcrumb":{"@id":"https:\/\/ferrararing.com.br\/medicos\/ii-ferrara-meetings-brasil\/#breadcrumb"},"inLanguage":"pt-BR","potentialAction":[{"@type":"ReadAction","target":["https:\/\/ferrararing.com.br\/medicos\/ii-ferrara-meetings-brasil\/"]}]},{"@type":"ImageObject","inLanguage":"pt-BR","@id":"https:\/\/ferrararing.com.br\/medicos\/ii-ferrara-meetings-brasil\/#primaryimage","url":"https:\/\/ferrararing.com.br\/medicos\/wp-content\/uploads\/sites\/6\/2018\/11\/cristo_redentor-0001.jpg","contentUrl":"https:\/\/ferrararing.com.br\/medicos\/wp-content\/uploads\/sites\/6\/2018\/11\/cristo_redentor-0001.jpg","width":1920,"height":1164},{"@type":"BreadcrumbList","@id":"https:\/\/ferrararing.com.br\/medicos\/ii-ferrara-meetings-brasil\/#breadcrumb","itemListElement":[{"@type":"ListItem","position":1,"name":"In\u00edcio","item":"https:\/\/ferrararing.com.br\/medicos\/"},{"@type":"ListItem","position":2,"name":"II Ferrara Meetings Brasil SBO-RJ"}]},{"@type":"WebSite","@id":"https:\/\/ferrararing.com.br\/medicos\/#website","url":"https:\/\/ferrararing.com.br\/medicos\/","name":"M\u00e9dicos Ferrara Ring","description":"\u00c1rea Restrita","publisher":{"@id":"https:\/\/ferrararing.com.br\/medicos\/#organization"},"potentialAction":[{"@type":"SearchAction","target":{"@type":"EntryPoint","urlTemplate":"https:\/\/ferrararing.com.br\/medicos\/?s={search_term_string}"},"query-input":{"@type":"PropertyValueSpecification","valueRequired":true,"valueName":"search_term_string"}}],"inLanguage":"pt-BR"},{"@type":"Organization","@id":"https:\/\/ferrararing.com.br\/medicos\/#organization","name":"Ferrara Ophthalmics","url":"https:\/\/ferrararing.com.br\/medicos\/","logo":{"@type":"ImageObject","inLanguage":"pt-BR","@id":"https:\/\/ferrararing.com.br\/medicos\/#\/schema\/logo\/image\/","url":"","contentUrl":"","caption":"Ferrara Ophthalmics"},"image":{"@id":"https:\/\/ferrararing.com.br\/medicos\/#\/schema\/logo\/image\/"},"sameAs":["https:\/\/www.facebook.com\/ferrara.ring","https:\/\/www.instagram.com\/ferrara.ring\/","https:\/\/www.youtube.com\/channel\/UCo-9gA533c3gGWVeV_VfjJQ"]},{"@type":"Person","@id":"https:\/\/ferrararing.com.br\/medicos\/#\/schema\/person\/5419c51f96613ebc40f96ecb2f05af13","name":"Ferrara Admin","image":{"@type":"ImageObject","inLanguage":"pt-BR","@id":"https:\/\/ferrararing.com.br\/medicos\/#\/schema\/person\/image\/","url":"https:\/\/secure.gravatar.com\/avatar\/be0d2173e64619d430733758d313290b?s=96&d=wp_user_avatar&r=g","contentUrl":"https:\/\/secure.gravatar.com\/avatar\/be0d2173e64619d430733758d313290b?s=96&d=wp_user_avatar&r=g","caption":"Ferrara Admin"},"sameAs":["https:\/\/ferrararing.com.br\/medicos\/"]}]}},"_links":{"self":[{"href":"https:\/\/ferrararing.com.br\/medicos\/wp-json\/wp\/v2\/posts\/100002375","targetHints":{"allow":["GET"]}}],"collection":[{"href":"https:\/\/ferrararing.com.br\/medicos\/wp-json\/wp\/v2\/posts"}],"about":[{"href":"https:\/\/ferrararing.com.br\/medicos\/wp-json\/wp\/v2\/types\/post"}],"author":[{"embeddable":true,"href":"https:\/\/ferrararing.com.br\/medicos\/wp-json\/wp\/v2\/users\/1"}],"replies":[{"embeddable":true,"href":"https:\/\/ferrararing.com.br\/medicos\/wp-json\/wp\/v2\/comments?post=100002375"}],"version-history":[{"count":6,"href":"https:\/\/ferrararing.com.br\/medicos\/wp-json\/wp\/v2\/posts\/100002375\/revisions"}],"predecessor-version":[{"id":100005006,"href":"https:\/\/ferrararing.com.br\/medicos\/wp-json\/wp\/v2\/posts\/100002375\/revisions\/100005006"}],"wp:featuredmedia":[{"embeddable":true,"href":"https:\/\/ferrararing.com.br\/medicos\/wp-json\/wp\/v2\/media\/100004475"}],"wp:attachment":[{"href":"https:\/\/ferrararing.com.br\/medicos\/wp-json\/wp\/v2\/media?parent=100002375"}],"wp:term":[{"taxonomy":"category","embeddable":true,"href":"https:\/\/ferrararing.com.br\/medicos\/wp-json\/wp\/v2\/categories?post=100002375"},{"taxonomy":"post_tag","embeddable":true,"href":"https:\/\/ferrararing.com.br\/medicos\/wp-json\/wp\/v2\/tags?post=100002375"}],"curies":[{"name":"wp","href":"https:\/\/api.w.org\/{rel}","templated":true}]}}