{"id":100003862,"date":"2021-03-20T09:39:39","date_gmt":"2021-03-20T12:39:39","guid":{"rendered":"https:\/\/ferrararing.com.br\/?p=100003862"},"modified":"2022-02-03T13:51:22","modified_gmt":"2022-02-03T16:51:22","slug":"ferrara-web-meetings-2020","status":"publish","type":"post","link":"https:\/\/ferrararing.com.br\/medicos\/ferrara-web-meetings-2020\/","title":{"rendered":"Ferrara Web Meetings 2020"},"content":{"rendered":"<p><div class=\"fusion-fullwidth fullwidth-box fusion-builder-row-1 fusion-flex-container nonhundred-percent-fullwidth non-hundred-percent-height-scrolling\" style=\"--awb-border-radius-top-left:0px;--awb-border-radius-top-right:0px;--awb-border-radius-bottom-right:0px;--awb-border-radius-bottom-left:0px;--awb-padding-top:0px;--awb-margin-top:0px;--awb-margin-bottom:0px;--awb-flex-wrap:wrap;\" ><div class=\"fusion-builder-row fusion-row fusion-flex-align-items-flex-start fusion-flex-content-wrap\" style=\"max-width:1248px;margin-left: calc(-4% \/ 2 );margin-right: calc(-4% \/ 2 );\"><div class=\"fusion-layout-column fusion_builder_column fusion-builder-column-0 fusion_builder_column_1_1 1_1 fusion-flex-column\" style=\"--awb-bg-size:cover;--awb-width-large:100%;--awb-margin-top-large:0px;--awb-spacing-right-large:1.92%;--awb-margin-bottom-large:20px;--awb-spacing-left-large:1.92%;--awb-width-medium:100%;--awb-order-medium:0;--awb-spacing-right-medium:1.92%;--awb-spacing-left-medium:1.92%;--awb-width-small:100%;--awb-order-small:0;--awb-spacing-right-small:1.92%;--awb-spacing-left-small:1.92%;\"><div class=\"fusion-column-wrapper fusion-column-has-shadow fusion-flex-justify-content-flex-start fusion-content-layout-column\"><div class=\"fusion-text fusion-text-1\"><h4>Rompendo paradigmas e paradoxos no tratamento do Ceratocone e no Implante de Anel de Ferrara. Apresenta\u00e7\u00e3o e discuss\u00e3o de casos cl\u00ednicos selecionados.<\/h4>\n<\/div><\/div><\/div><\/div><\/div><div class=\"fusion-fullwidth fullwidth-box fusion-builder-row-2 fusion-flex-container nonhundred-percent-fullwidth non-hundred-percent-height-scrolling\" style=\"--awb-border-radius-top-left:0px;--awb-border-radius-top-right:0px;--awb-border-radius-bottom-right:0px;--awb-border-radius-bottom-left:0px;--awb-padding-top:0px;--awb-margin-top:0px;--awb-margin-bottom:0px;--awb-flex-wrap:wrap;\" ><div class=\"fusion-builder-row fusion-row fusion-flex-align-items-flex-start fusion-flex-content-wrap\" style=\"max-width:1248px;margin-left: calc(-4% \/ 2 );margin-right: calc(-4% \/ 2 );\"><div class=\"fusion-layout-column fusion_builder_column fusion-builder-column-1 fusion_builder_column_1_1 1_1 fusion-flex-column\" style=\"--awb-bg-size:cover;--awb-width-large:100%;--awb-margin-top-large:0px;--awb-spacing-right-large:1.92%;--awb-margin-bottom-large:0px;--awb-spacing-left-large:1.92%;--awb-width-medium:100%;--awb-spacing-right-medium:1.92%;--awb-spacing-left-medium:1.92%;--awb-width-small:100%;--awb-spacing-right-small:1.92%;--awb-spacing-left-small:1.92%;\"><div class=\"fusion-column-wrapper fusion-flex-justify-content-flex-start fusion-content-layout-column\"><div class=\"fusion-reading-box-container reading-box-container-1\" style=\"--awb-title-color:#212934;--awb-margin-top:0px;--awb-margin-bottom:20px;\"><div class=\"reading-box\" style=\"background-color:rgba(252,252,252,0.49);border-width:1px;border-color:#ffc107;border-style:solid;\"><h2>09\/09\/2020 - VI Ferrara WebMeetings<\/h2><div class=\"reading-box-description fusion-reading-box-additional\">Implante de Anel de Ferrara na pr\u00e1tica - Discuss\u00e3o de Casos<\/div><div class=\"reading-box-additional\">\n<h6>M\u00e9dicos confirmados<\/h6>\n<p>Dra. Edna Almodin, Dr. Paulo Ferrara, Dr. Leonardo Torquetti, Dr. Glauco Reggiani, Dr. Gustavo Nery, Dra. Marcia Toledo, Dr. Sandro Coscarelli, Dr. Daniel Montenegro<\/p>\n<\/div><div class=\"fusion-clearfix\"><\/div><\/div><\/div><div class=\"fusion-content-boxes content-boxes columns row fusion-columns-2 fusion-columns-total-4 fusion-content-boxes-1 content-boxes-icon-on-side content-left\" style=\"--awb-backgroundcolor:#fcfcfc;--awb-hover-accent-color:#e9a825;--awb-circle-hover-accent-color:#e9a825;\" data-animationOffset=\"top-into-view\"><div style=\"--awb-backgroundcolor:#fcfcfc;\" class=\"fusion-column content-box-column content-box-column content-box-column-1 col-lg-6 col-md-6 col-sm-6 fusion-content-box-hover content-box-column-first-in-row\"><div class=\"col content-box-wrapper content-wrapper-background link-area-link-icon content-icon-wrapper-yes icon-hover-animation-fade\" data-animationOffset=\"top-into-view\"><div class=\"heading icon-left\"><h2 class=\"content-box-heading\" style=\"--h2_typography-font-size:22px;line-height:27px;\">Dire\u00e7\u00e3o e Modera\u00e7\u00e3o<\/h2><\/div><div class=\"fusion-clearfix\"><\/div><div class=\"content-container\">\n<ul>\n<li><b>Dire\u00e7\u00e3o<\/b><br \/>\nDra. Edna Almodin, Dr. Paulo Ferrara<\/li>\n<li><b>Moderador<\/b><br \/>\nDr. Leonardo Torquetti<\/li>\n<\/ul>\n<\/div><\/div><\/div><div style=\"--awb-backgroundcolor:#fcfcfc;\" class=\"fusion-column content-box-column content-box-column content-box-column-2 col-lg-6 col-md-6 col-sm-6 fusion-content-box-hover content-box-column-last-in-row\"><div class=\"col content-box-wrapper content-wrapper-background link-area-link-icon content-icon-wrapper-yes icon-hover-animation-fade\" data-animationOffset=\"top-into-view\"><div class=\"heading icon-left\"><h2 class=\"content-box-heading\" style=\"--h2_typography-font-size:22px;line-height:27px;\">Discutidores<\/h2><\/div><div class=\"fusion-clearfix\"><\/div><div class=\"content-container\">\n<ul>\n<li>Dra. Edna Almodin \u2013 PR<\/li>\n<li>Dr. Paulo Ferrara \u2013 MG<\/li>\n<li>Dr. Glauco Reggiani -PR<\/li>\n<li>Dr. Gustavo Nery \u2013 MG<\/li>\n<\/ul>\n<\/div><\/div><\/div><div style=\"--awb-backgroundcolor:#fcfcfc;\" class=\"fusion-column content-box-column content-box-column content-box-column-3 col-lg-6 col-md-6 col-sm-6 fusion-content-box-hover content-box-column-first-in-row\"><div class=\"col content-box-wrapper content-wrapper-background link-area-link-icon content-icon-wrapper-yes icon-hover-animation-fade\" data-animationOffset=\"top-into-view\"><div class=\"heading icon-left\"><h2 class=\"content-box-heading\" style=\"--h2_typography-font-size:22px;line-height:27px;\">Aula de Abertura<\/h2><\/div><div class=\"fusion-clearfix\"><\/div><div class=\"content-container\">\n<p><strong>19h &#8211;\u00a0 Dr. Gustavo Nery \u2013 MG<\/strong><br \/>\nAnel de Ferrara e Catarata<\/p>\n<\/div><\/div><\/div><div style=\"--awb-backgroundcolor:#fcfcfc;\" class=\"fusion-column content-box-column content-box-column content-box-column-4 col-lg-6 col-md-6 col-sm-6 fusion-content-box-hover content-box-column-last content-box-column-last-in-row\"><div class=\"col content-box-wrapper content-wrapper-background link-area-link-icon content-icon-wrapper-yes icon-hover-animation-fade\" data-animationOffset=\"top-into-view\"><div class=\"heading icon-left\"><h2 class=\"content-box-heading\" style=\"--h2_typography-font-size:22px;line-height:27px;\">Apresenta\u00e7\u00e3o de Casos<\/h2><\/div><div class=\"fusion-clearfix\"><\/div><div class=\"content-container\">\n<p><strong>19:20h \u2013 Dr. Glauco Reggiani \u2013 PR<\/strong><\/p>\n<ul>\n<li>Dra. Marcia Toledo \u2013 GO<\/li>\n<li>Dr. Sandro Coscarelli \u2013 MG<\/li>\n<li>Dr. Daniel Montenegro \u2013 PB<\/li>\n<\/ul>\n<\/div><\/div><\/div><div class=\"fusion-clearfix\"><\/div><\/div><\/div><\/div><\/div><\/div><div class=\"fusion-fullwidth fullwidth-box fusion-builder-row-3 fusion-flex-container nonhundred-percent-fullwidth non-hundred-percent-height-scrolling\" style=\"--awb-border-radius-top-left:0px;--awb-border-radius-top-right:0px;--awb-border-radius-bottom-right:0px;--awb-border-radius-bottom-left:0px;--awb-padding-top:0px;--awb-margin-top:0px;--awb-margin-bottom:0px;--awb-flex-wrap:wrap;\" ><div class=\"fusion-builder-row fusion-row fusion-flex-align-items-flex-start fusion-flex-content-wrap\" style=\"max-width:1248px;margin-left: calc(-4% \/ 2 );margin-right: calc(-4% \/ 2 );\"><div class=\"fusion-layout-column fusion_builder_column fusion-builder-column-2 fusion_builder_column_1_1 1_1 fusion-flex-column\" style=\"--awb-bg-size:cover;--awb-width-large:100%;--awb-margin-top-large:0px;--awb-spacing-right-large:1.92%;--awb-margin-bottom-large:0px;--awb-spacing-left-large:1.92%;--awb-width-medium:100%;--awb-spacing-right-medium:1.92%;--awb-spacing-left-medium:1.92%;--awb-width-small:100%;--awb-spacing-right-small:1.92%;--awb-spacing-left-small:1.92%;\"><div class=\"fusion-column-wrapper fusion-flex-justify-content-flex-start fusion-content-layout-column\"><div class=\"fusion-reading-box-container reading-box-container-2\" style=\"--awb-title-color:#212934;--awb-margin-top:0px;--awb-margin-bottom:20px;\"><div class=\"reading-box\" style=\"background-color:rgba(252,252,252,0.49);border-width:1px;border-color:#ffc107;border-style:solid;\"><h2>12\/08\/2020 - V Ferrara WebMeetings<\/h2><div class=\"reading-box-description fusion-reading-box-additional\">Implante de Anel de Ferrara na pr\u00e1tica - Discuss\u00e3o de Casos<\/div><div class=\"reading-box-additional\">\n<h6>M\u00e9dicos confirmados<\/h6>\n<p>Dra. Edna Almodin, Dr. Paulo Ferrara, Dr. Leonardo Torquetti, Dra. Marta Sartori, Dr. Carlos Cota,<br \/>\nDra. Fl\u00e1via Almodin, Dra. Maria Fl\u00e1via, Dr. Pedro Gantois, Dr. Eduardo Godinho<\/p>\n<\/div><div class=\"fusion-clearfix\"><\/div><\/div><\/div><div class=\"fusion-content-boxes content-boxes columns row fusion-columns-2 fusion-columns-total-4 fusion-content-boxes-2 content-boxes-icon-on-side content-left\" style=\"--awb-backgroundcolor:#fcfcfc;--awb-hover-accent-color:#e9a825;--awb-circle-hover-accent-color:#e9a825;\" data-animationOffset=\"top-into-view\"><div style=\"--awb-backgroundcolor:#fcfcfc;\" class=\"fusion-column content-box-column content-box-column content-box-column-1 col-lg-6 col-md-6 col-sm-6 fusion-content-box-hover content-box-column-first-in-row\"><div class=\"col content-box-wrapper content-wrapper-background link-area-link-icon content-icon-wrapper-yes icon-hover-animation-fade\" data-animationOffset=\"top-into-view\"><div class=\"heading icon-left\"><h2 class=\"content-box-heading\" style=\"--h2_typography-font-size:22px;line-height:27px;\">Dire\u00e7\u00e3o e Modera\u00e7\u00e3o<\/h2><\/div><div class=\"fusion-clearfix\"><\/div><div class=\"content-container\">\n<ul>\n<li><b>Dire\u00e7\u00e3o<\/b><br \/>\nDra. Edna Almodin, Dr. Paulo Ferrara<\/li>\n<li><b>Moderador<\/b><br \/>\nDr. Leonardo Torquetti<\/li>\n<\/ul>\n<\/div><\/div><\/div><div style=\"--awb-backgroundcolor:#fcfcfc;\" class=\"fusion-column content-box-column content-box-column content-box-column-2 col-lg-6 col-md-6 col-sm-6 fusion-content-box-hover content-box-column-last-in-row\"><div class=\"col content-box-wrapper content-wrapper-background link-area-link-icon content-icon-wrapper-yes icon-hover-animation-fade\" data-animationOffset=\"top-into-view\"><div class=\"heading icon-left\"><h2 class=\"content-box-heading\" style=\"--h2_typography-font-size:22px;line-height:27px;\">Discutidores<\/h2><\/div><div class=\"fusion-clearfix\"><\/div><div class=\"content-container\">\n<ul>\n<li>Dra. Edna Almodin &#8211; PR<\/li>\n<li>Dr. Paulo Ferrara &#8211; MG<\/li>\n<li>Dra. Marta Sartori &#8211; SP<\/li>\n<li>Dr. Carlos Cota &#8211; MG<\/li>\n<\/ul>\n<\/div><\/div><\/div><div style=\"--awb-backgroundcolor:#fcfcfc;\" class=\"fusion-column content-box-column content-box-column content-box-column-3 col-lg-6 col-md-6 col-sm-6 fusion-content-box-hover content-box-column-first-in-row\"><div class=\"col content-box-wrapper content-wrapper-background link-area-link-icon content-icon-wrapper-yes icon-hover-animation-fade\" data-animationOffset=\"top-into-view\"><div class=\"heading icon-left\"><h2 class=\"content-box-heading\" style=\"--h2_typography-font-size:22px;line-height:27px;\">Apresenta\u00e7\u00e3o de Casos Cl\u00ednicos<\/h2><\/div><div class=\"fusion-clearfix\"><\/div><div class=\"content-container\">\n<p>19h &#8211; Segmentos de 320\u00ba em casos avan\u00e7ados de Ceratocone<br \/>\nDr. Leonardo Torquetti<\/p>\n<\/div><\/div><\/div><div style=\"--awb-backgroundcolor:#fcfcfc;\" class=\"fusion-column content-box-column content-box-column content-box-column-4 col-lg-6 col-md-6 col-sm-6 fusion-content-box-hover content-box-column-last content-box-column-last-in-row\"><div class=\"col content-box-wrapper content-wrapper-background link-area-link-icon content-icon-wrapper-yes icon-hover-animation-fade\" data-animationOffset=\"top-into-view\"><div class=\"heading icon-left\"><h2 class=\"content-box-heading\" style=\"--h2_typography-font-size:22px;line-height:27px;\">Apresenta\u00e7\u00e3o de Casos<\/h2><\/div><div class=\"fusion-clearfix\"><\/div><div class=\"content-container\">\n<ul>\n<li>Dra. Fl\u00e1via Almodin &#8211; PR<\/li>\n<li>Dra. Maria Fl\u00e1via &#8211; SP<\/li>\n<li>Dr. Pedro Gantois &#8211; BA<\/li>\n<li>Dr. Eduardo Godinho &#8211; MG<\/li>\n<\/ul>\n<\/div><\/div><\/div><div class=\"fusion-clearfix\"><\/div><\/div><\/div><\/div><\/div><\/div><div class=\"fusion-fullwidth fullwidth-box fusion-builder-row-4 fusion-flex-container nonhundred-percent-fullwidth non-hundred-percent-height-scrolling\" style=\"--awb-border-radius-top-left:0px;--awb-border-radius-top-right:0px;--awb-border-radius-bottom-right:0px;--awb-border-radius-bottom-left:0px;--awb-padding-top:0px;--awb-margin-top:0px;--awb-margin-bottom:0px;--awb-flex-wrap:wrap;\" ><div class=\"fusion-builder-row fusion-row fusion-flex-align-items-flex-start fusion-flex-content-wrap\" style=\"max-width:1248px;margin-left: calc(-4% \/ 2 );margin-right: calc(-4% \/ 2 );\"><div class=\"fusion-layout-column fusion_builder_column fusion-builder-column-3 fusion_builder_column_1_1 1_1 fusion-flex-column\" style=\"--awb-bg-size:cover;--awb-width-large:100%;--awb-margin-top-large:0px;--awb-spacing-right-large:1.92%;--awb-margin-bottom-large:0px;--awb-spacing-left-large:1.92%;--awb-width-medium:100%;--awb-spacing-right-medium:1.92%;--awb-spacing-left-medium:1.92%;--awb-width-small:100%;--awb-spacing-right-small:1.92%;--awb-spacing-left-small:1.92%;\"><div class=\"fusion-column-wrapper fusion-flex-justify-content-flex-start fusion-content-layout-column\"><div class=\"fusion-reading-box-container reading-box-container-3\" style=\"--awb-title-color:#212934;--awb-margin-top:0px;--awb-margin-bottom:20px;\"><div class=\"reading-box\" style=\"background-color:rgba(252,252,252,0.49);border-width:1px;border-color:#ffc107;border-style:solid;\"><h2>08\/07\/2020 - IV Ferrara WebMeetings<\/h2><div class=\"reading-box-description fusion-reading-box-additional\">Implante de Anel de Ferrara na pr\u00e1tica - Discuss\u00e3o de Casos<\/div><div class=\"reading-box-additional\">\n<h6>M\u00e9dicos confirmados<\/h6>\n<p>Dra. Edna Almodin, Dr. Paulo Ferrara, Dr. Leonardo Torquetti, Dr. Sandro Coscarelli, Dr. Marcelo Lui, Dra. Belquiz Nassaralla, Dr. Fernando Komatsu, Dr. Bernardo Moscovici, Dr. Alexandre Paratela<\/div><div class=\"fusion-clearfix\"><\/div><\/div><\/div><div class=\"fusion-content-boxes content-boxes columns row fusion-columns-2 fusion-columns-total-4 fusion-content-boxes-3 content-boxes-icon-on-side content-left\" style=\"--awb-backgroundcolor:#fcfcfc;--awb-hover-accent-color:#e9a825;--awb-circle-hover-accent-color:#e9a825;\" data-animationOffset=\"top-into-view\"><div style=\"--awb-backgroundcolor:#fcfcfc;\" class=\"fusion-column content-box-column content-box-column content-box-column-1 col-lg-6 col-md-6 col-sm-6 fusion-content-box-hover content-box-column-first-in-row\"><div class=\"col content-box-wrapper content-wrapper-background link-area-link-icon content-icon-wrapper-yes icon-hover-animation-fade\" data-animationOffset=\"top-into-view\"><div class=\"heading icon-left\"><h2 class=\"content-box-heading\" style=\"--h2_typography-font-size:22px;line-height:27px;\">Dire\u00e7\u00e3o e Modera\u00e7\u00e3o<\/h2><\/div><div class=\"fusion-clearfix\"><\/div><div class=\"content-container\">\n<ul>\n<li><b>Dire\u00e7\u00e3o<\/b><br \/>\nDra. Edna Almodin, Dr. Paulo Ferrara<\/li>\n<li><b>Moderador<\/b><br \/>\nDr. Leonardo Torquetti<\/li>\n<\/ul>\n<\/div><\/div><\/div><div style=\"--awb-backgroundcolor:#fcfcfc;\" class=\"fusion-column content-box-column content-box-column content-box-column-2 col-lg-6 col-md-6 col-sm-6 fusion-content-box-hover content-box-column-last-in-row\"><div class=\"col content-box-wrapper content-wrapper-background link-area-link-icon content-icon-wrapper-yes icon-hover-animation-fade\" data-animationOffset=\"top-into-view\"><div class=\"heading icon-left\"><h2 class=\"content-box-heading\" style=\"--h2_typography-font-size:22px;line-height:27px;\">Discutidores<\/h2><\/div><div class=\"fusion-clearfix\"><\/div><div class=\"content-container\">\n<ul>\n<li>Dra. Edna Almodin &#8211; PR<\/li>\n<li>Dr. Paulo Ferrara &#8211; MG<\/li>\n<li>Dr. Sandro Coscarelli &#8211; MG<\/li>\n<li>Dr. Marcelo Lui &#8211; SP<\/li>\n<\/ul>\n<\/div><\/div><\/div><div style=\"--awb-backgroundcolor:#fcfcfc;\" class=\"fusion-column content-box-column content-box-column content-box-column-3 col-lg-6 col-md-6 col-sm-6 fusion-content-box-hover content-box-column-first-in-row\"><div class=\"col content-box-wrapper content-wrapper-background link-area-link-icon content-icon-wrapper-yes icon-hover-animation-fade\" data-animationOffset=\"top-into-view\"><div class=\"heading icon-left\"><h2 class=\"content-box-heading\" style=\"--h2_typography-font-size:22px;line-height:27px;\">Apresenta\u00e7\u00e3o de Casos Cl\u00ednicos<\/h2><\/div><div class=\"fusion-clearfix\"><\/div><div class=\"content-container\">\n<p>19h &#8211; Tratamento de ceratocone avan\u00e7ado em adolescente com Implante de Lent\u00edcula<br \/>\nDra Edna Almodin<\/p>\n<\/div><\/div><\/div><div style=\"--awb-backgroundcolor:#fcfcfc;\" class=\"fusion-column content-box-column content-box-column content-box-column-4 col-lg-6 col-md-6 col-sm-6 fusion-content-box-hover content-box-column-last content-box-column-last-in-row\"><div class=\"col content-box-wrapper content-wrapper-background link-area-link-icon content-icon-wrapper-yes icon-hover-animation-fade\" data-animationOffset=\"top-into-view\"><div class=\"heading icon-left\"><h2 class=\"content-box-heading\" style=\"--h2_typography-font-size:22px;line-height:27px;\">Apresenta\u00e7\u00e3o de Casos<\/h2><\/div><div class=\"fusion-clearfix\"><\/div><div class=\"content-container\">\n<ul>\n<li>Dra. Belquiz Nassaralla &#8211; GO<\/li>\n<li>Dr. Fernando Komatsu &#8211; SC<\/li>\n<li>Dr. Bernardo Moscovici &#8211; SP<\/li>\n<li>Dr. Alexandre Paratela &#8211; SP<\/li>\n<\/ul>\n<\/div><\/div><\/div><div class=\"fusion-clearfix\"><\/div><\/div><\/div><\/div><\/div><\/div><div class=\"fusion-fullwidth fullwidth-box fusion-builder-row-5 fusion-flex-container nonhundred-percent-fullwidth non-hundred-percent-height-scrolling\" style=\"--awb-border-radius-top-left:0px;--awb-border-radius-top-right:0px;--awb-border-radius-bottom-right:0px;--awb-border-radius-bottom-left:0px;--awb-padding-top:0px;--awb-margin-top:0px;--awb-margin-bottom:0px;--awb-flex-wrap:wrap;\" ><div class=\"fusion-builder-row fusion-row fusion-flex-align-items-flex-start fusion-flex-content-wrap\" style=\"max-width:1248px;margin-left: calc(-4% \/ 2 );margin-right: calc(-4% \/ 2 );\"><div class=\"fusion-layout-column fusion_builder_column fusion-builder-column-4 fusion_builder_column_1_1 1_1 fusion-flex-column\" style=\"--awb-bg-size:cover;--awb-width-large:100%;--awb-margin-top-large:0px;--awb-spacing-right-large:1.92%;--awb-margin-bottom-large:0px;--awb-spacing-left-large:1.92%;--awb-width-medium:100%;--awb-spacing-right-medium:1.92%;--awb-spacing-left-medium:1.92%;--awb-width-small:100%;--awb-spacing-right-small:1.92%;--awb-spacing-left-small:1.92%;\"><div class=\"fusion-column-wrapper fusion-flex-justify-content-flex-start fusion-content-layout-column\"><div class=\"fusion-reading-box-container reading-box-container-4\" style=\"--awb-title-color:#212934;--awb-margin-top:0px;--awb-margin-bottom:20px;\"><div class=\"reading-box\" style=\"background-color:rgba(252,252,252,0.49);border-width:1px;border-color:#ffc107;border-style:solid;\"><h2>10\/06\/2020 - III Ferrara WebMeetings<\/h2><div class=\"reading-box-description fusion-reading-box-additional\">Implante de Anel de Ferrara na pr\u00e1tica - Discuss\u00e3o de Casos<\/div><div class=\"reading-box-additional\">\n<h6>M\u00e9dicos confirmados<\/h6>\n<p>Dra. Edna Almodin, Dr. Paulo Ferrara, Dr. Leonardo Torquetti, Dra. Jordana Sandes, Dr. Nicolas Pereira, Dr. Fernando Cresta, Dr. Guilherme Ferrara, Dr. Guilherme Rocha, Dr. Luiz Felipe Bueno<\/div><div class=\"fusion-clearfix\"><\/div><\/div><\/div><div class=\"fusion-content-boxes content-boxes columns row fusion-columns-2 fusion-columns-total-4 fusion-content-boxes-4 content-boxes-icon-on-side content-left\" style=\"--awb-backgroundcolor:#fcfcfc;--awb-hover-accent-color:#e9a825;--awb-circle-hover-accent-color:#e9a825;\" data-animationOffset=\"top-into-view\"><div style=\"--awb-backgroundcolor:#fcfcfc;\" class=\"fusion-column content-box-column content-box-column content-box-column-1 col-lg-6 col-md-6 col-sm-6 fusion-content-box-hover content-box-column-first-in-row\"><div class=\"col content-box-wrapper content-wrapper-background link-area-link-icon content-icon-wrapper-yes icon-hover-animation-fade\" data-animationOffset=\"top-into-view\"><div class=\"heading icon-left\"><h2 class=\"content-box-heading\" style=\"--h2_typography-font-size:22px;line-height:27px;\">Dire\u00e7\u00e3o e Modera\u00e7\u00e3o<\/h2><\/div><div class=\"fusion-clearfix\"><\/div><div class=\"content-container\">\n<ul>\n<li><b>Dire\u00e7\u00e3o<\/b><br \/>\nDra. Edna Almodin, Dr. Paulo Ferrara<\/li>\n<li><b>Moderador<\/b><br \/>\nDr. Leonardo Torquetti<\/li>\n<\/ul>\n<\/div><\/div><\/div><div style=\"--awb-backgroundcolor:#fcfcfc;\" class=\"fusion-column content-box-column content-box-column content-box-column-2 col-lg-6 col-md-6 col-sm-6 fusion-content-box-hover content-box-column-last-in-row\"><div class=\"col content-box-wrapper content-wrapper-background link-area-link-icon content-icon-wrapper-yes icon-hover-animation-fade\" data-animationOffset=\"top-into-view\"><div class=\"heading icon-left\"><h2 class=\"content-box-heading\" style=\"--h2_typography-font-size:22px;line-height:27px;\">Refinando Resultados<\/h2><\/div><div class=\"fusion-clearfix\"><\/div><div class=\"content-container\">\n<ul>\n<li>19h\u00a0<b>E quando o resultado n\u00e3o \u00e9 o esperado?<br \/>\nRefinando resultados!<\/b><br \/>\nDr. Leonardo Torquetti.<\/li>\n<li>19:15h Apresenta\u00e7\u00e3o e Discuss\u00e3o de Casos<\/li>\n<\/ul>\n<\/div><\/div><\/div><div style=\"--awb-backgroundcolor:#fcfcfc;\" class=\"fusion-column content-box-column content-box-column content-box-column-3 col-lg-6 col-md-6 col-sm-6 fusion-content-box-hover content-box-column-first-in-row\"><div class=\"col content-box-wrapper content-wrapper-background link-area-link-icon content-icon-wrapper-yes icon-hover-animation-fade\" data-animationOffset=\"top-into-view\"><div class=\"heading icon-left\"><h2 class=\"content-box-heading\" style=\"--h2_typography-font-size:22px;line-height:27px;\">Discutidores<\/h2><\/div><div class=\"fusion-clearfix\"><\/div><div class=\"content-container\">\n<ul>\n<li>Dra. Edna Almodin &#8211; PR<\/li>\n<li>Dr. Paulo Ferrara &#8211; MG<\/li>\n<li>Dra. Jordana Sandes &#8211; GO<\/li>\n<li>Dr. Nicolas Pereira &#8211; SP<\/li>\n<\/ul>\n<\/div><\/div><\/div><div style=\"--awb-backgroundcolor:#fcfcfc;\" class=\"fusion-column content-box-column content-box-column content-box-column-4 col-lg-6 col-md-6 col-sm-6 fusion-content-box-hover content-box-column-last content-box-column-last-in-row\"><div class=\"col content-box-wrapper content-wrapper-background link-area-link-icon content-icon-wrapper-yes icon-hover-animation-fade\" data-animationOffset=\"top-into-view\"><div class=\"heading icon-left\"><h2 class=\"content-box-heading\" style=\"--h2_typography-font-size:22px;line-height:27px;\">Casos<\/h2><\/div><div class=\"fusion-clearfix\"><\/div><div class=\"content-container\">\n<ul>\n<li>Dr.Fernando Cresta &#8211; SP<\/li>\n<li>Dr. Guilherme Rocha &#8211; DF<\/li>\n<li>Dr. Guilherme Ferrara &#8211; MG<\/li>\n<li>Dr. Luiz Felipe Bueno &#8211; SP<\/li>\n<\/ul>\n<\/div><\/div><\/div><div class=\"fusion-clearfix\"><\/div><\/div><\/div><\/div><\/div><\/div><div class=\"fusion-fullwidth fullwidth-box fusion-builder-row-6 fusion-flex-container nonhundred-percent-fullwidth non-hundred-percent-height-scrolling\" style=\"--awb-border-radius-top-left:0px;--awb-border-radius-top-right:0px;--awb-border-radius-bottom-right:0px;--awb-border-radius-bottom-left:0px;--awb-padding-top:0px;--awb-margin-top:0px;--awb-margin-bottom:0px;--awb-flex-wrap:wrap;\" ><div class=\"fusion-builder-row fusion-row fusion-flex-align-items-flex-start fusion-flex-content-wrap\" style=\"max-width:1248px;margin-left: calc(-4% \/ 2 );margin-right: calc(-4% \/ 2 );\"><div class=\"fusion-layout-column fusion_builder_column fusion-builder-column-5 fusion_builder_column_1_1 1_1 fusion-flex-column\" style=\"--awb-bg-size:cover;--awb-width-large:100%;--awb-margin-top-large:0px;--awb-spacing-right-large:1.92%;--awb-margin-bottom-large:0px;--awb-spacing-left-large:1.92%;--awb-width-medium:100%;--awb-spacing-right-medium:1.92%;--awb-spacing-left-medium:1.92%;--awb-width-small:100%;--awb-spacing-right-small:1.92%;--awb-spacing-left-small:1.92%;\"><div class=\"fusion-column-wrapper fusion-flex-justify-content-flex-start fusion-content-layout-column\"><div class=\"fusion-reading-box-container reading-box-container-5\" style=\"--awb-title-color:#212934;--awb-margin-top:0px;--awb-margin-bottom:20px;\"><div class=\"reading-box\" style=\"background-color:rgba(252,252,252,0.49);border-width:1px;border-color:#ffc107;border-style:solid;\"><h2>13\/05\/2020 - II Ferrara WebMeetings<\/h2><div class=\"reading-box-description fusion-reading-box-additional\">Implante de Anel de Ferrara na pr\u00e1tica - Discuss\u00e3o de Casos<\/div><div class=\"reading-box-additional\">\n<h6>M\u00e9dicos confirmados<\/h6>\n<p>Dra. Edna Almodin, Dr. Paulo Ferrara, Dr. Leonardo Torquetti, Dra. Ros\u00e2ngela Simocelli, Dr. Delso Bonfante, Dra. Amanda Gadelha, Dr. Allan Luz, Dr. Frederico Guerra, Dr. Daniel Fridman, Dr. Jarbas Macedo<\/div><div class=\"fusion-clearfix\"><\/div><\/div><\/div><div class=\"fusion-content-boxes content-boxes columns row fusion-columns-2 fusion-columns-total-4 fusion-content-boxes-5 content-boxes-icon-on-side content-left\" style=\"--awb-backgroundcolor:#fcfcfc;--awb-hover-accent-color:#e9a825;--awb-circle-hover-accent-color:#e9a825;\" data-animationOffset=\"top-into-view\"><div style=\"--awb-backgroundcolor:#fcfcfc;\" class=\"fusion-column content-box-column content-box-column content-box-column-1 col-lg-6 col-md-6 col-sm-6 fusion-content-box-hover content-box-column-first-in-row\"><div class=\"col content-box-wrapper content-wrapper-background link-area-link-icon content-icon-wrapper-yes icon-hover-animation-fade\" data-animationOffset=\"top-into-view\"><div class=\"heading icon-left\"><h2 class=\"content-box-heading\" style=\"--h2_typography-font-size:22px;line-height:27px;\">Dire\u00e7\u00e3o e Modera\u00e7\u00e3o<\/h2><\/div><div class=\"fusion-clearfix\"><\/div><div class=\"content-container\">\n<ul>\n<li><b>Dire\u00e7\u00e3o<\/b><br \/>\nDr. Paulo Ferrara<\/li>\n<li><b>Moderador<\/b><br \/>\nDr. Leonardo Torquetti<\/li>\n<\/ul>\n<\/div><\/div><\/div><div style=\"--awb-backgroundcolor:#fcfcfc;\" class=\"fusion-column content-box-column content-box-column content-box-column-2 col-lg-6 col-md-6 col-sm-6 fusion-content-box-hover content-box-column-last-in-row\"><div class=\"col content-box-wrapper content-wrapper-background link-area-link-icon content-icon-wrapper-yes icon-hover-animation-fade\" data-animationOffset=\"top-into-view\"><div class=\"heading icon-left\"><h2 class=\"content-box-heading\" style=\"--h2_typography-font-size:22px;line-height:27px;\">Hist\u00f3ria do Anel<\/h2><\/div><div class=\"fusion-clearfix\"><\/div><div class=\"content-container\">\n<ul>\n<li>19h abertura da sala<\/li>\n<li>19:10h A Hist\u00f3ria do Anel de Ferrara<b><br \/>\nDra. Edna Almodin<\/b><\/li>\n<\/ul>\n<\/div><\/div><\/div><div style=\"--awb-backgroundcolor:#fcfcfc;\" class=\"fusion-column content-box-column content-box-column content-box-column-3 col-lg-6 col-md-6 col-sm-6 fusion-content-box-hover content-box-column-first-in-row\"><div class=\"col content-box-wrapper content-wrapper-background link-area-link-icon content-icon-wrapper-yes icon-hover-animation-fade\" data-animationOffset=\"top-into-view\"><div class=\"heading icon-left\"><h2 class=\"content-box-heading\" style=\"--h2_typography-font-size:22px;line-height:27px;\">Discutidores<\/h2><\/div><div class=\"fusion-clearfix\"><\/div><div class=\"content-container\">\n<ul>\n<li>Dra. Edna Almodin &#8211; PR<\/li>\n<li>Dr. Paulo Ferrara &#8211; MG<\/li>\n<li>Dra Ros\u00e2ngela Simocelli &#8211; SP<\/li>\n<li>Dr. Deslo Bonfante &#8211; SC<\/li>\n<\/ul>\n<\/div><\/div><\/div><div style=\"--awb-backgroundcolor:#fcfcfc;\" class=\"fusion-column content-box-column content-box-column content-box-column-4 col-lg-6 col-md-6 col-sm-6 fusion-content-box-hover content-box-column-last content-box-column-last-in-row\"><div class=\"col content-box-wrapper content-wrapper-background link-area-link-icon content-icon-wrapper-yes icon-hover-animation-fade\" data-animationOffset=\"top-into-view\"><div class=\"heading icon-left\"><h2 class=\"content-box-heading\" style=\"--h2_typography-font-size:22px;line-height:27px;\">Casos<\/h2><\/div><div class=\"fusion-clearfix\"><\/div><div class=\"content-container\">\n<ul>\n<li>Dra. Amanda Gadelha &#8211; PB<\/li>\n<li>Dr. Allan Luz &#8211; SE<\/li>\n<li>Dr. Daniel Fridman &#8211; RS<\/li>\n<li>Dr. Frederico Guerra &#8211; RJ<\/li>\n<li>Dr. Jarbas Macedo &#8211; GO<\/li>\n<\/ul>\n<\/div><\/div><\/div><div class=\"fusion-clearfix\"><\/div><\/div><\/div><\/div><\/div><\/div><div class=\"fusion-fullwidth fullwidth-box fusion-builder-row-7 fusion-flex-container nonhundred-percent-fullwidth non-hundred-percent-height-scrolling\" style=\"--awb-border-radius-top-left:0px;--awb-border-radius-top-right:0px;--awb-border-radius-bottom-right:0px;--awb-border-radius-bottom-left:0px;--awb-padding-top:0px;--awb-margin-top:0px;--awb-margin-bottom:0px;--awb-flex-wrap:wrap;\" ><div class=\"fusion-builder-row fusion-row fusion-flex-align-items-flex-start fusion-flex-content-wrap\" style=\"max-width:1248px;margin-left: calc(-4% \/ 2 );margin-right: calc(-4% \/ 2 );\"><div class=\"fusion-layout-column fusion_builder_column fusion-builder-column-6 fusion_builder_column_1_1 1_1 fusion-flex-column\" style=\"--awb-bg-size:cover;--awb-width-large:100%;--awb-margin-top-large:0px;--awb-spacing-right-large:1.92%;--awb-margin-bottom-large:0px;--awb-spacing-left-large:1.92%;--awb-width-medium:100%;--awb-spacing-right-medium:1.92%;--awb-spacing-left-medium:1.92%;--awb-width-small:100%;--awb-spacing-right-small:1.92%;--awb-spacing-left-small:1.92%;\"><div class=\"fusion-column-wrapper fusion-flex-justify-content-flex-start fusion-content-layout-column\"><div class=\"fusion-reading-box-container reading-box-container-6\" style=\"--awb-title-color:#212934;--awb-margin-top:0px;--awb-margin-bottom:20px;\"><div class=\"reading-box\" style=\"background-color:rgba(252,252,252,0.49);border-width:1px;border-color:#ffc107;border-style:solid;\"><h2>15\/04\/2020 - I Ferrara WebMeetings<\/h2><div class=\"reading-box-description fusion-reading-box-additional\">Implante de Anel de Ferrara na pr\u00e1tica - Discuss\u00e3o de Casos<\/div><div class=\"reading-box-additional\">\n<h6>M\u00e9dicos confirmados<\/h6>\n<p>Dra. Edna Almodin, Dr. Paulo Ferrara, Dr. Sergio Kwitco, Dr. Gustavo Nery, Dr. Guilherme Ferrara, Dr. Pablo Rodrigues, Dr. Rafael Canhestro, Dr. Jarbas Macedo<\/div><div class=\"fusion-clearfix\"><\/div><\/div><\/div><div class=\"fusion-content-boxes content-boxes columns row fusion-columns-2 fusion-columns-total-4 fusion-content-boxes-6 content-boxes-icon-on-side content-left\" style=\"--awb-backgroundcolor:#fcfcfc;--awb-hover-accent-color:#e9a825;--awb-circle-hover-accent-color:#e9a825;\" data-animationOffset=\"top-into-view\"><div style=\"--awb-backgroundcolor:#fcfcfc;\" class=\"fusion-column content-box-column content-box-column content-box-column-1 col-lg-6 col-md-6 col-sm-6 fusion-content-box-hover content-box-column-first-in-row\"><div class=\"col content-box-wrapper content-wrapper-background link-area-link-icon content-icon-wrapper-yes icon-hover-animation-fade\" data-animationOffset=\"top-into-view\"><div class=\"heading icon-left\"><h2 class=\"content-box-heading\" style=\"--h2_typography-font-size:22px;line-height:27px;\">Dire\u00e7\u00e3o e Modera\u00e7\u00e3o<\/h2><\/div><div class=\"fusion-clearfix\"><\/div><div class=\"content-container\">\n<ul>\n<li><b>Dire\u00e7\u00e3o<\/b><br \/>\nDr. Paulo Ferrara<\/li>\n<li><b>Moderador<\/b><br \/>\nDr. Leonardo Torquetti<\/li>\n<\/ul>\n<\/div><\/div><\/div><div style=\"--awb-backgroundcolor:#fcfcfc;\" class=\"fusion-column content-box-column content-box-column content-box-column-2 col-lg-6 col-md-6 col-sm-6 fusion-content-box-hover content-box-column-last-in-row\"><div class=\"col content-box-wrapper content-wrapper-background link-area-link-icon content-icon-wrapper-yes icon-hover-animation-fade\" data-animationOffset=\"top-into-view\"><div class=\"heading icon-left\"><h2 class=\"content-box-heading\" style=\"--h2_typography-font-size:22px;line-height:27px;\">Apresenta\u00e7\u00e3o de Casos<\/h2><\/div><div class=\"fusion-clearfix\"><\/div><div class=\"content-container\">\n<ul>\n<li>19h abertura da sala<\/li>\n<li>19:10 Apresenta\u00e7\u00e3o de Casos<\/li>\n<\/ul>\n<\/div><\/div><\/div><div style=\"--awb-backgroundcolor:#fcfcfc;\" class=\"fusion-column content-box-column content-box-column content-box-column-3 col-lg-6 col-md-6 col-sm-6 fusion-content-box-hover content-box-column-first-in-row\"><div class=\"col content-box-wrapper content-wrapper-background link-area-link-icon content-icon-wrapper-yes icon-hover-animation-fade\" data-animationOffset=\"top-into-view\"><div class=\"heading icon-left\"><h2 class=\"content-box-heading\" style=\"--h2_typography-font-size:22px;line-height:27px;\">Discutidores<\/h2><\/div><div class=\"fusion-clearfix\"><\/div><div class=\"content-container\">\n<ul>\n<li>Dra. Edna Almodin &#8211; PR<\/li>\n<li>Dr. Paulo Ferrara &#8211; MG<\/li>\n<li>Dr. Sergio Kwitko &#8211; RS<\/li>\n<li>Dr. Gustavo Nery &#8211; MG<\/li>\n<li>Dr. Guilherme Ferrara &#8211; MG<\/li>\n<\/ul>\n<\/div><\/div><\/div><div style=\"--awb-backgroundcolor:#fcfcfc;\" class=\"fusion-column content-box-column content-box-column content-box-column-4 col-lg-6 col-md-6 col-sm-6 fusion-content-box-hover content-box-column-last content-box-column-last-in-row\"><div class=\"col content-box-wrapper content-wrapper-background link-area-link-icon content-icon-wrapper-yes icon-hover-animation-fade\" data-animationOffset=\"top-into-view\"><div class=\"heading icon-left\"><h2 class=\"content-box-heading\" style=\"--h2_typography-font-size:22px;line-height:27px;\">Casos<\/h2><\/div><div class=\"fusion-clearfix\"><\/div><div class=\"content-container\">\n<ul>\n<li>Dra. Edna Almodin &#8211; PR<\/li>\n<li>Dr. Sergio Kwitico &#8211; RS<\/li>\n<li>Dr. Rafael Canhestro &#8211; MG<\/li>\n<li>Dr. Jarbas Macedo &#8211; GO<\/li>\n<li>Dr. Pablo Rodrigues &#8211; SP<\/li>\n<\/ul>\n<\/div><\/div><\/div><div class=\"fusion-clearfix\"><\/div><\/div><\/div><\/div><\/div><\/div><div class=\"fusion-fullwidth fullwidth-box fusion-builder-row-8 fusion-flex-container nonhundred-percent-fullwidth non-hundred-percent-height-scrolling\" style=\"--awb-border-radius-top-left:0px;--awb-border-radius-top-right:0px;--awb-border-radius-bottom-right:0px;--awb-border-radius-bottom-left:0px;--awb-padding-bottom:50px;--awb-flex-wrap:wrap;\" ><div class=\"fusion-builder-row fusion-row fusion-flex-align-items-flex-start fusion-flex-content-wrap\" style=\"max-width:1248px;margin-left: calc(-4% \/ 2 );margin-right: calc(-4% \/ 2 );\"><div class=\"fusion-layout-column fusion_builder_column fusion-builder-column-7 fusion_builder_column_1_2 1_2 fusion-flex-column\" style=\"--awb-bg-size:cover;--awb-width-large:50%;--awb-margin-top-large:0px;--awb-spacing-right-large:3.84%;--awb-margin-bottom-large:20px;--awb-spacing-left-large:3.84%;--awb-width-medium:50%;--awb-order-medium:0;--awb-spacing-right-medium:3.84%;--awb-spacing-left-medium:3.84%;--awb-width-small:100%;--awb-order-small:0;--awb-spacing-right-small:1.92%;--awb-spacing-left-small:1.92%;\"><div class=\"fusion-column-wrapper fusion-column-has-shadow fusion-flex-justify-content-flex-start fusion-content-layout-column\"><div class=\"fusion-title title fusion-title-1 sep-underline sep-solid fusion-title-text fusion-title-size-three\" style=\"--awb-sep-color:#ffc107;--awb-font-size:18px;\"><h3 class=\"fusion-title-heading title-heading-left\" style=\"margin:0;font-size:1em;\">Realiza\u00e7\u00e3o<\/h3><\/div><div class=\"fusion-image-element \" style=\"--awb-max-width:250px;--awb-caption-title-font-family:var(--h2_typography-font-family);--awb-caption-title-font-weight:var(--h2_typography-font-weight);--awb-caption-title-font-style:var(--h2_typography-font-style);--awb-caption-title-size:var(--h2_typography-font-size);--awb-caption-title-transform:var(--h2_typography-text-transform);--awb-caption-title-line-height:var(--h2_typography-line-height);--awb-caption-title-letter-spacing:var(--h2_typography-letter-spacing);\"><span class=\" fusion-imageframe imageframe-none imageframe-1 hover-type-none\"><img decoding=\"async\" width=\"167\" height=\"50\" alt=\"logo ferrara\" title=\"ferrara-ophthalmics-rodape-250&#215;75\" src=\"https:\/\/ferrararing.com.br\/medicos\/wp-content\/uploads\/sites\/6\/2021\/03\/ferraraophthalmics-rodape-250x75-1-e1614804262313.png\" class=\"img-responsive wp-image-100003864\"\/><\/span><\/div><\/div><\/div><div class=\"fusion-layout-column fusion_builder_column fusion-builder-column-8 fusion_builder_column_1_2 1_2 fusion-flex-column\" style=\"--awb-bg-size:cover;--awb-width-large:50%;--awb-margin-top-large:0px;--awb-spacing-right-large:3.84%;--awb-margin-bottom-large:20px;--awb-spacing-left-large:3.84%;--awb-width-medium:50%;--awb-order-medium:0;--awb-spacing-right-medium:3.84%;--awb-spacing-left-medium:3.84%;--awb-width-small:100%;--awb-order-small:0;--awb-spacing-right-small:1.92%;--awb-spacing-left-small:1.92%;\"><div class=\"fusion-column-wrapper fusion-column-has-shadow fusion-flex-justify-content-flex-start fusion-content-layout-column\"><div class=\"fusion-title title fusion-title-2 sep-underline sep-solid fusion-title-text fusion-title-size-three\" style=\"--awb-sep-color:#ffc107;--awb-font-size:18px;\"><h3 class=\"fusion-title-heading title-heading-left\" style=\"margin:0;font-size:1em;\">Apoio<\/h3><\/div><div class=\"fusion-image-element \" style=\"--awb-max-width:100px;--awb-caption-title-font-family:var(--h2_typography-font-family);--awb-caption-title-font-weight:var(--h2_typography-font-weight);--awb-caption-title-font-style:var(--h2_typography-font-style);--awb-caption-title-size:var(--h2_typography-font-size);--awb-caption-title-transform:var(--h2_typography-text-transform);--awb-caption-title-line-height:var(--h2_typography-line-height);--awb-caption-title-letter-spacing:var(--h2_typography-letter-spacing);\"><span class=\" fusion-imageframe imageframe-none imageframe-2 hover-type-none\"><img decoding=\"async\" width=\"215\" height=\"100\" alt=\"logo SBO\" title=\"SBO\" src=\"https:\/\/ferrararing.com.br\/medicos\/wp-content\/uploads\/sites\/6\/2020\/05\/SBo.png\" class=\"img-responsive wp-image-100003982\" srcset=\"https:\/\/ferrararing.com.br\/medicos\/wp-content\/uploads\/sites\/6\/2020\/05\/SBo-200x93.png 200w, https:\/\/ferrararing.com.br\/medicos\/wp-content\/uploads\/sites\/6\/2020\/05\/SBo.png 215w\" sizes=\"(max-width: 640px) 100vw, 215px\" \/><\/span><\/div><\/div><\/div><\/div><\/div><\/p>\n","protected":false},"excerpt":{"rendered":"","protected":false},"author":1,"featured_media":100003901,"comment_status":"closed","ping_status":"closed","sticky":false,"template":"","format":"standard","meta":{"footnotes":""},"categories":[4,2,5],"tags":[26,24,29,30,8,31],"class_list":["post-100003862","post","type-post","status-publish","format-standard","has-post-thumbnail","hentry","category-ferrara-meetings","category-medicos","category-noticias","tag-aneldeferrara-drpauloferrara","tag-ferrararing","tag-paao","tag-webinar","tag-ceratocone-2","tag-ferrarawebmeetings"],"yoast_head":"<!-- This site is optimized with the Yoast SEO Premium plugin v24.5 (Yoast SEO v24.5) - https:\/\/yoast.com\/wordpress\/plugins\/seo\/ -->\n<title>Ferrara Web Meetings 2020 - M\u00e9dicos Ferrara Ring - Anel de Ferrara - Apoio SBO<\/title>\n<meta name=\"description\" content=\"Toda segunda quarta do m\u00eas, \u00e0s 19h, acompanhe o Ferrara WebMeetings. Implante de Anel de Ferrara na pr\u00e1tica. Discuss\u00e3o de Casos. Confira a programa\u00e7\u00e3o.\" \/>\n<meta name=\"robots\" content=\"index, follow, max-snippet:-1, max-image-preview:large, max-video-preview:-1\" \/>\n<link rel=\"canonical\" href=\"https:\/\/ferrararing.com.br\/medicos\/ferrara-web-meetings-2020\/\" \/>\n<meta property=\"og:locale\" content=\"pt_BR\" \/>\n<meta property=\"og:type\" content=\"article\" \/>\n<meta property=\"og:title\" content=\"Ferrara Web Meetings 2020\" \/>\n<meta property=\"og:description\" content=\"Toda segunda quarta do m\u00eas, \u00e0s 19h, acompanhe o Ferrara WebMeetings. Implante de Anel de Ferrara na pr\u00e1tica. Discuss\u00e3o de Casos. Confira a programa\u00e7\u00e3o.\" \/>\n<meta property=\"og:url\" content=\"https:\/\/ferrararing.com.br\/medicos\/ferrara-web-meetings-2020\/\" \/>\n<meta property=\"og:site_name\" content=\"M\u00e9dicos Ferrara Ring\" \/>\n<meta property=\"article:publisher\" content=\"https:\/\/www.facebook.com\/ferrara.ring\" \/>\n<meta property=\"article:published_time\" content=\"2021-03-20T12:39:39+00:00\" \/>\n<meta property=\"article:modified_time\" content=\"2022-02-03T16:51:22+00:00\" \/>\n<meta property=\"og:image\" content=\"https:\/\/ferrararing.com.br\/medicos\/wp-content\/uploads\/sites\/6\/2020\/05\/banner-site-wmeetings.jpg\" \/>\n\t<meta property=\"og:image:width\" content=\"1800\" \/>\n\t<meta property=\"og:image:height\" content=\"900\" \/>\n\t<meta property=\"og:image:type\" content=\"image\/jpeg\" \/>\n<meta name=\"author\" content=\"Ferrara Admin\" \/>\n<meta name=\"twitter:card\" content=\"summary_large_image\" \/>\n<meta name=\"twitter:label1\" content=\"Escrito por\" \/>\n\t<meta name=\"twitter:data1\" content=\"Ferrara Admin\" \/>\n\t<meta name=\"twitter:label2\" content=\"Est. tempo de leitura\" \/>\n\t<meta name=\"twitter:data2\" content=\"34 minutos\" \/>\n<script type=\"application\/ld+json\" class=\"yoast-schema-graph\">{\"@context\":\"https:\/\/schema.org\",\"@graph\":[{\"@type\":\"Article\",\"@id\":\"https:\/\/ferrararing.com.br\/medicos\/ferrara-web-meetings-2020\/#article\",\"isPartOf\":{\"@id\":\"https:\/\/ferrararing.com.br\/medicos\/ferrara-web-meetings-2020\/\"},\"author\":{\"name\":\"Ferrara Admin\",\"@id\":\"https:\/\/ferrararing.com.br\/medicos\/#\/schema\/person\/5419c51f96613ebc40f96ecb2f05af13\"},\"headline\":\"Ferrara Web Meetings 2020\",\"datePublished\":\"2021-03-20T12:39:39+00:00\",\"dateModified\":\"2022-02-03T16:51:22+00:00\",\"mainEntityOfPage\":{\"@id\":\"https:\/\/ferrararing.com.br\/medicos\/ferrara-web-meetings-2020\/\"},\"wordCount\":6703,\"publisher\":{\"@id\":\"https:\/\/ferrararing.com.br\/medicos\/#organization\"},\"image\":{\"@id\":\"https:\/\/ferrararing.com.br\/medicos\/ferrara-web-meetings-2020\/#primaryimage\"},\"thumbnailUrl\":\"https:\/\/ferrararing.com.br\/medicos\/wp-content\/uploads\/sites\/6\/2020\/05\/banner-site-wmeetings.jpg\",\"keywords\":[\"#aneldeferrara #drpauloferrara\",\"#ferrararing\",\"#paao\",\"#webinar\",\"ceratocone\",\"ferrarawebmeetings\"],\"articleSection\":[\"Ferrara Meetings\",\"M\u00e9dicos\",\"Not\u00edcias\"],\"inLanguage\":\"pt-BR\"},{\"@type\":\"WebPage\",\"@id\":\"https:\/\/ferrararing.com.br\/medicos\/ferrara-web-meetings-2020\/\",\"url\":\"https:\/\/ferrararing.com.br\/medicos\/ferrara-web-meetings-2020\/\",\"name\":\"Ferrara Web Meetings 2020 - M\u00e9dicos Ferrara Ring - Anel de Ferrara - Apoio SBO\",\"isPartOf\":{\"@id\":\"https:\/\/ferrararing.com.br\/medicos\/#website\"},\"primaryImageOfPage\":{\"@id\":\"https:\/\/ferrararing.com.br\/medicos\/ferrara-web-meetings-2020\/#primaryimage\"},\"image\":{\"@id\":\"https:\/\/ferrararing.com.br\/medicos\/ferrara-web-meetings-2020\/#primaryimage\"},\"thumbnailUrl\":\"https:\/\/ferrararing.com.br\/medicos\/wp-content\/uploads\/sites\/6\/2020\/05\/banner-site-wmeetings.jpg\",\"datePublished\":\"2021-03-20T12:39:39+00:00\",\"dateModified\":\"2022-02-03T16:51:22+00:00\",\"description\":\"Toda segunda quarta do m\u00eas, \u00e0s 19h, acompanhe o Ferrara WebMeetings. Implante de Anel de Ferrara na pr\u00e1tica. Discuss\u00e3o de Casos. Confira a programa\u00e7\u00e3o.\",\"breadcrumb\":{\"@id\":\"https:\/\/ferrararing.com.br\/medicos\/ferrara-web-meetings-2020\/#breadcrumb\"},\"inLanguage\":\"pt-BR\",\"potentialAction\":[{\"@type\":\"ReadAction\",\"target\":[\"https:\/\/ferrararing.com.br\/medicos\/ferrara-web-meetings-2020\/\"]}]},{\"@type\":\"ImageObject\",\"inLanguage\":\"pt-BR\",\"@id\":\"https:\/\/ferrararing.com.br\/medicos\/ferrara-web-meetings-2020\/#primaryimage\",\"url\":\"https:\/\/ferrararing.com.br\/medicos\/wp-content\/uploads\/sites\/6\/2020\/05\/banner-site-wmeetings.jpg\",\"contentUrl\":\"https:\/\/ferrararing.com.br\/medicos\/wp-content\/uploads\/sites\/6\/2020\/05\/banner-site-wmeetings.jpg\",\"width\":1800,\"height\":900},{\"@type\":\"BreadcrumbList\",\"@id\":\"https:\/\/ferrararing.com.br\/medicos\/ferrara-web-meetings-2020\/#breadcrumb\",\"itemListElement\":[{\"@type\":\"ListItem\",\"position\":1,\"name\":\"In\u00edcio\",\"item\":\"https:\/\/ferrararing.com.br\/medicos\/\"},{\"@type\":\"ListItem\",\"position\":2,\"name\":\"Ferrara Web Meetings 2020\"}]},{\"@type\":\"WebSite\",\"@id\":\"https:\/\/ferrararing.com.br\/medicos\/#website\",\"url\":\"https:\/\/ferrararing.com.br\/medicos\/\",\"name\":\"M\u00e9dicos Ferrara Ring\",\"description\":\"\u00c1rea Restrita\",\"publisher\":{\"@id\":\"https:\/\/ferrararing.com.br\/medicos\/#organization\"},\"potentialAction\":[{\"@type\":\"SearchAction\",\"target\":{\"@type\":\"EntryPoint\",\"urlTemplate\":\"https:\/\/ferrararing.com.br\/medicos\/?s={search_term_string}\"},\"query-input\":{\"@type\":\"PropertyValueSpecification\",\"valueRequired\":true,\"valueName\":\"search_term_string\"}}],\"inLanguage\":\"pt-BR\"},{\"@type\":\"Organization\",\"@id\":\"https:\/\/ferrararing.com.br\/medicos\/#organization\",\"name\":\"Ferrara Ophthalmics\",\"url\":\"https:\/\/ferrararing.com.br\/medicos\/\",\"logo\":{\"@type\":\"ImageObject\",\"inLanguage\":\"pt-BR\",\"@id\":\"https:\/\/ferrararing.com.br\/medicos\/#\/schema\/logo\/image\/\",\"url\":\"\",\"contentUrl\":\"\",\"caption\":\"Ferrara Ophthalmics\"},\"image\":{\"@id\":\"https:\/\/ferrararing.com.br\/medicos\/#\/schema\/logo\/image\/\"},\"sameAs\":[\"https:\/\/www.facebook.com\/ferrara.ring\",\"https:\/\/www.instagram.com\/ferrara.ring\/\",\"https:\/\/www.youtube.com\/channel\/UCo-9gA533c3gGWVeV_VfjJQ\"]},{\"@type\":\"Person\",\"@id\":\"https:\/\/ferrararing.com.br\/medicos\/#\/schema\/person\/5419c51f96613ebc40f96ecb2f05af13\",\"name\":\"Ferrara Admin\",\"image\":{\"@type\":\"ImageObject\",\"inLanguage\":\"pt-BR\",\"@id\":\"https:\/\/ferrararing.com.br\/medicos\/#\/schema\/person\/image\/\",\"url\":\"https:\/\/secure.gravatar.com\/avatar\/be0d2173e64619d430733758d313290b?s=96&d=wp_user_avatar&r=g\",\"contentUrl\":\"https:\/\/secure.gravatar.com\/avatar\/be0d2173e64619d430733758d313290b?s=96&d=wp_user_avatar&r=g\",\"caption\":\"Ferrara Admin\"},\"sameAs\":[\"https:\/\/ferrararing.com.br\/medicos\/\"]}]}<\/script>\n<!-- \/ Yoast SEO Premium plugin. -->","yoast_head_json":{"title":"Ferrara Web Meetings 2020 - M\u00e9dicos Ferrara Ring - Anel de Ferrara - Apoio SBO","description":"Toda segunda quarta do m\u00eas, \u00e0s 19h, acompanhe o Ferrara WebMeetings. Implante de Anel de Ferrara na pr\u00e1tica. Discuss\u00e3o de Casos. Confira a programa\u00e7\u00e3o.","robots":{"index":"index","follow":"follow","max-snippet":"max-snippet:-1","max-image-preview":"max-image-preview:large","max-video-preview":"max-video-preview:-1"},"canonical":"https:\/\/ferrararing.com.br\/medicos\/ferrara-web-meetings-2020\/","og_locale":"pt_BR","og_type":"article","og_title":"Ferrara Web Meetings 2020","og_description":"Toda segunda quarta do m\u00eas, \u00e0s 19h, acompanhe o Ferrara WebMeetings. Implante de Anel de Ferrara na pr\u00e1tica. Discuss\u00e3o de Casos. Confira a programa\u00e7\u00e3o.","og_url":"https:\/\/ferrararing.com.br\/medicos\/ferrara-web-meetings-2020\/","og_site_name":"M\u00e9dicos Ferrara Ring","article_publisher":"https:\/\/www.facebook.com\/ferrara.ring","article_published_time":"2021-03-20T12:39:39+00:00","article_modified_time":"2022-02-03T16:51:22+00:00","og_image":[{"width":1800,"height":900,"url":"https:\/\/ferrararing.com.br\/medicos\/wp-content\/uploads\/sites\/6\/2020\/05\/banner-site-wmeetings.jpg","type":"image\/jpeg"}],"author":"Ferrara Admin","twitter_card":"summary_large_image","twitter_misc":{"Escrito por":"Ferrara Admin","Est. tempo de leitura":"34 minutos"},"schema":{"@context":"https:\/\/schema.org","@graph":[{"@type":"Article","@id":"https:\/\/ferrararing.com.br\/medicos\/ferrara-web-meetings-2020\/#article","isPartOf":{"@id":"https:\/\/ferrararing.com.br\/medicos\/ferrara-web-meetings-2020\/"},"author":{"name":"Ferrara Admin","@id":"https:\/\/ferrararing.com.br\/medicos\/#\/schema\/person\/5419c51f96613ebc40f96ecb2f05af13"},"headline":"Ferrara Web Meetings 2020","datePublished":"2021-03-20T12:39:39+00:00","dateModified":"2022-02-03T16:51:22+00:00","mainEntityOfPage":{"@id":"https:\/\/ferrararing.com.br\/medicos\/ferrara-web-meetings-2020\/"},"wordCount":6703,"publisher":{"@id":"https:\/\/ferrararing.com.br\/medicos\/#organization"},"image":{"@id":"https:\/\/ferrararing.com.br\/medicos\/ferrara-web-meetings-2020\/#primaryimage"},"thumbnailUrl":"https:\/\/ferrararing.com.br\/medicos\/wp-content\/uploads\/sites\/6\/2020\/05\/banner-site-wmeetings.jpg","keywords":["#aneldeferrara #drpauloferrara","#ferrararing","#paao","#webinar","ceratocone","ferrarawebmeetings"],"articleSection":["Ferrara Meetings","M\u00e9dicos","Not\u00edcias"],"inLanguage":"pt-BR"},{"@type":"WebPage","@id":"https:\/\/ferrararing.com.br\/medicos\/ferrara-web-meetings-2020\/","url":"https:\/\/ferrararing.com.br\/medicos\/ferrara-web-meetings-2020\/","name":"Ferrara Web Meetings 2020 - M\u00e9dicos Ferrara Ring - Anel de Ferrara - Apoio SBO","isPartOf":{"@id":"https:\/\/ferrararing.com.br\/medicos\/#website"},"primaryImageOfPage":{"@id":"https:\/\/ferrararing.com.br\/medicos\/ferrara-web-meetings-2020\/#primaryimage"},"image":{"@id":"https:\/\/ferrararing.com.br\/medicos\/ferrara-web-meetings-2020\/#primaryimage"},"thumbnailUrl":"https:\/\/ferrararing.com.br\/medicos\/wp-content\/uploads\/sites\/6\/2020\/05\/banner-site-wmeetings.jpg","datePublished":"2021-03-20T12:39:39+00:00","dateModified":"2022-02-03T16:51:22+00:00","description":"Toda segunda quarta do m\u00eas, \u00e0s 19h, acompanhe o Ferrara WebMeetings. Implante de Anel de Ferrara na pr\u00e1tica. Discuss\u00e3o de Casos. Confira a programa\u00e7\u00e3o.","breadcrumb":{"@id":"https:\/\/ferrararing.com.br\/medicos\/ferrara-web-meetings-2020\/#breadcrumb"},"inLanguage":"pt-BR","potentialAction":[{"@type":"ReadAction","target":["https:\/\/ferrararing.com.br\/medicos\/ferrara-web-meetings-2020\/"]}]},{"@type":"ImageObject","inLanguage":"pt-BR","@id":"https:\/\/ferrararing.com.br\/medicos\/ferrara-web-meetings-2020\/#primaryimage","url":"https:\/\/ferrararing.com.br\/medicos\/wp-content\/uploads\/sites\/6\/2020\/05\/banner-site-wmeetings.jpg","contentUrl":"https:\/\/ferrararing.com.br\/medicos\/wp-content\/uploads\/sites\/6\/2020\/05\/banner-site-wmeetings.jpg","width":1800,"height":900},{"@type":"BreadcrumbList","@id":"https:\/\/ferrararing.com.br\/medicos\/ferrara-web-meetings-2020\/#breadcrumb","itemListElement":[{"@type":"ListItem","position":1,"name":"In\u00edcio","item":"https:\/\/ferrararing.com.br\/medicos\/"},{"@type":"ListItem","position":2,"name":"Ferrara Web Meetings 2020"}]},{"@type":"WebSite","@id":"https:\/\/ferrararing.com.br\/medicos\/#website","url":"https:\/\/ferrararing.com.br\/medicos\/","name":"M\u00e9dicos Ferrara Ring","description":"\u00c1rea Restrita","publisher":{"@id":"https:\/\/ferrararing.com.br\/medicos\/#organization"},"potentialAction":[{"@type":"SearchAction","target":{"@type":"EntryPoint","urlTemplate":"https:\/\/ferrararing.com.br\/medicos\/?s={search_term_string}"},"query-input":{"@type":"PropertyValueSpecification","valueRequired":true,"valueName":"search_term_string"}}],"inLanguage":"pt-BR"},{"@type":"Organization","@id":"https:\/\/ferrararing.com.br\/medicos\/#organization","name":"Ferrara Ophthalmics","url":"https:\/\/ferrararing.com.br\/medicos\/","logo":{"@type":"ImageObject","inLanguage":"pt-BR","@id":"https:\/\/ferrararing.com.br\/medicos\/#\/schema\/logo\/image\/","url":"","contentUrl":"","caption":"Ferrara Ophthalmics"},"image":{"@id":"https:\/\/ferrararing.com.br\/medicos\/#\/schema\/logo\/image\/"},"sameAs":["https:\/\/www.facebook.com\/ferrara.ring","https:\/\/www.instagram.com\/ferrara.ring\/","https:\/\/www.youtube.com\/channel\/UCo-9gA533c3gGWVeV_VfjJQ"]},{"@type":"Person","@id":"https:\/\/ferrararing.com.br\/medicos\/#\/schema\/person\/5419c51f96613ebc40f96ecb2f05af13","name":"Ferrara Admin","image":{"@type":"ImageObject","inLanguage":"pt-BR","@id":"https:\/\/ferrararing.com.br\/medicos\/#\/schema\/person\/image\/","url":"https:\/\/secure.gravatar.com\/avatar\/be0d2173e64619d430733758d313290b?s=96&d=wp_user_avatar&r=g","contentUrl":"https:\/\/secure.gravatar.com\/avatar\/be0d2173e64619d430733758d313290b?s=96&d=wp_user_avatar&r=g","caption":"Ferrara Admin"},"sameAs":["https:\/\/ferrararing.com.br\/medicos\/"]}]}},"_links":{"self":[{"href":"https:\/\/ferrararing.com.br\/medicos\/wp-json\/wp\/v2\/posts\/100003862","targetHints":{"allow":["GET"]}}],"collection":[{"href":"https:\/\/ferrararing.com.br\/medicos\/wp-json\/wp\/v2\/posts"}],"about":[{"href":"https:\/\/ferrararing.com.br\/medicos\/wp-json\/wp\/v2\/types\/post"}],"author":[{"embeddable":true,"href":"https:\/\/ferrararing.com.br\/medicos\/wp-json\/wp\/v2\/users\/1"}],"replies":[{"embeddable":true,"href":"https:\/\/ferrararing.com.br\/medicos\/wp-json\/wp\/v2\/comments?post=100003862"}],"version-history":[{"count":11,"href":"https:\/\/ferrararing.com.br\/medicos\/wp-json\/wp\/v2\/posts\/100003862\/revisions"}],"predecessor-version":[{"id":100003984,"href":"https:\/\/ferrararing.com.br\/medicos\/wp-json\/wp\/v2\/posts\/100003862\/revisions\/100003984"}],"wp:featuredmedia":[{"embeddable":true,"href":"https:\/\/ferrararing.com.br\/medicos\/wp-json\/wp\/v2\/media\/100003901"}],"wp:attachment":[{"href":"https:\/\/ferrararing.com.br\/medicos\/wp-json\/wp\/v2\/media?parent=100003862"}],"wp:term":[{"taxonomy":"category","embeddable":true,"href":"https:\/\/ferrararing.com.br\/medicos\/wp-json\/wp\/v2\/categories?post=100003862"},{"taxonomy":"post_tag","embeddable":true,"href":"https:\/\/ferrararing.com.br\/medicos\/wp-json\/wp\/v2\/tags?post=100003862"}],"curies":[{"name":"wp","href":"https:\/\/api.w.org\/{rel}","templated":true}]}}