{"id":767,"date":"2017-08-16T14:47:03","date_gmt":"2017-08-16T14:47:03","guid":{"rendered":"http:\/\/www.ferrararing.com.br\/?post_type=post&#038;p=767"},"modified":"2021-04-05T05:52:52","modified_gmt":"2021-04-05T08:52:52","slug":"o-anel-de-ferrara-em-pmma-amarelo","status":"publish","type":"post","link":"https:\/\/ferrararing.com.br\/medicos\/o-anel-de-ferrara-em-pmma-amarelo\/","title":{"rendered":"O Anel de Ferrara\u2122 em PMMA Amarelo"},"content":{"rendered":"<p><div class=\"fusion-fullwidth fullwidth-box fusion-builder-row-1 fusion-flex-container nonhundred-percent-fullwidth non-hundred-percent-height-scrolling\" style=\"--awb-border-radius-top-left:0px;--awb-border-radius-top-right:0px;--awb-border-radius-bottom-right:0px;--awb-border-radius-bottom-left:0px;--awb-flex-wrap:wrap;\" ><div class=\"fusion-builder-row fusion-row fusion-flex-align-items-flex-start fusion-flex-content-wrap\" style=\"max-width:1248px;margin-left: calc(-4% \/ 2 );margin-right: calc(-4% \/ 2 );\"><div class=\"fusion-layout-column fusion_builder_column fusion-builder-column-0 fusion_builder_column_1_2 1_2 fusion-flex-column\" style=\"--awb-bg-size:cover;--awb-width-large:50%;--awb-margin-top-large:0px;--awb-spacing-right-large:3.84%;--awb-margin-bottom-large:20px;--awb-spacing-left-large:3.84%;--awb-width-medium:50%;--awb-order-medium:0;--awb-spacing-right-medium:3.84%;--awb-spacing-left-medium:3.84%;--awb-width-small:100%;--awb-order-small:0;--awb-spacing-right-small:1.92%;--awb-spacing-left-small:1.92%;\"><div class=\"fusion-column-wrapper fusion-column-has-shadow fusion-flex-justify-content-flex-start fusion-content-layout-column\"><div class=\"fusion-text fusion-text-1\"><blockquote>\n<p>\u201cCom um relacionamento estreito com a AJL e expressivos centros de pesquisa na Espanha aprimoramos constantemente a mat\u00e9ria prima, os segmentos, a forma de uso e as indica\u00e7\u00f5es para o Implante de Anel de Ferrara\u2122.\u201d<\/p>\n<p><em>Dr. Paulo Ferrara<\/em><\/p>\n<\/blockquote>\n<\/div><\/div><\/div><div class=\"fusion-layout-column fusion_builder_column fusion-builder-column-1 fusion_builder_column_1_2 1_2 fusion-flex-column\" style=\"--awb-bg-size:cover;--awb-width-large:50%;--awb-margin-top-large:0px;--awb-spacing-right-large:3.84%;--awb-margin-bottom-large:20px;--awb-spacing-left-large:3.84%;--awb-width-medium:50%;--awb-order-medium:0;--awb-spacing-right-medium:3.84%;--awb-spacing-left-medium:3.84%;--awb-width-small:100%;--awb-order-small:0;--awb-spacing-right-small:1.92%;--awb-spacing-left-small:1.92%;\"><div class=\"fusion-column-wrapper fusion-column-has-shadow fusion-flex-justify-content-flex-start fusion-content-layout-column\"><div class=\"fusion-image-element \" style=\"--awb-caption-title-font-family:var(--h2_typography-font-family);--awb-caption-title-font-weight:var(--h2_typography-font-weight);--awb-caption-title-font-style:var(--h2_typography-font-style);--awb-caption-title-size:var(--h2_typography-font-size);--awb-caption-title-transform:var(--h2_typography-text-transform);--awb-caption-title-line-height:var(--h2_typography-line-height);--awb-caption-title-letter-spacing:var(--h2_typography-letter-spacing);\"><span class=\" fusion-imageframe imageframe-none imageframe-1 hover-type-none\"><img decoding=\"async\" width=\"471\" height=\"334\" alt=\"Anel de Ferrara\" title=\"ANEL DE FERRARA\" src=\"https:\/\/ferrararing.com.br\/medicos\/wp-content\/uploads\/sites\/6\/2021\/03\/ANELDEFERRARA-caixa-4.png\" class=\"img-responsive wp-image-100003875\" srcset=\"https:\/\/ferrararing.com.br\/medicos\/wp-content\/uploads\/sites\/6\/2021\/03\/ANELDEFERRARA-caixa-4-200x142.png 200w, https:\/\/ferrararing.com.br\/medicos\/wp-content\/uploads\/sites\/6\/2021\/03\/ANELDEFERRARA-caixa-4-400x284.png 400w, https:\/\/ferrararing.com.br\/medicos\/wp-content\/uploads\/sites\/6\/2021\/03\/ANELDEFERRARA-caixa-4.png 471w\" sizes=\"(max-width: 640px) 100vw, 471px\" \/><\/span><\/div><\/div><\/div><\/div><\/div><div class=\"fusion-fullwidth fullwidth-box fusion-builder-row-2 fusion-flex-container nonhundred-percent-fullwidth non-hundred-percent-height-scrolling\" style=\"--awb-border-radius-top-left:0px;--awb-border-radius-top-right:0px;--awb-border-radius-bottom-right:0px;--awb-border-radius-bottom-left:0px;--awb-flex-wrap:wrap;\" ><div class=\"fusion-builder-row fusion-row fusion-flex-align-items-flex-start fusion-flex-content-wrap\" style=\"max-width:1248px;margin-left: calc(-4% \/ 2 );margin-right: calc(-4% \/ 2 );\"><div class=\"fusion-layout-column fusion_builder_column fusion-builder-column-2 fusion_builder_column_1_1 1_1 fusion-flex-column\" style=\"--awb-bg-size:cover;--awb-width-large:100%;--awb-margin-top-large:0px;--awb-spacing-right-large:1.92%;--awb-margin-bottom-large:20px;--awb-spacing-left-large:1.92%;--awb-width-medium:100%;--awb-order-medium:0;--awb-spacing-right-medium:1.92%;--awb-spacing-left-medium:1.92%;--awb-width-small:100%;--awb-order-small:0;--awb-spacing-right-small:1.92%;--awb-spacing-left-small:1.92%;\"><div class=\"fusion-column-wrapper fusion-column-has-shadow fusion-flex-justify-content-flex-start fusion-content-layout-column\"><div class=\"fusion-text fusion-text-2\"><h3>EFEITOS DO FILTRO AMARELO NO ANEL DE FERRARA\u2122<\/h3>\n<p>A utiliza\u00e7\u00e3o de segmentos de pequeno di\u00e2metro pode ensejar o aparecimento de halos e glare a despeito da sec\u00e7\u00e3o triangular dos segmentos. Provocados principalmente pela incid\u00eancia da luz azul os halos e glare diminuem a qualidade de vis\u00e3o dos pacientes, principalmente durante a noite.<\/p>\n<p>Na busca constante pelo aperfei\u00e7oamento da t\u00e9cnica, surgiu a id\u00e9ia de se adicionar um filtro aos segmentos de Anel de Ferrara\u2122 que minimizasse estas sensa\u00e7\u00f5es.<\/p>\n<p>Em 2006, j\u00e1 em parceria com a AJL, o Anel de Ferrara\u2122 em PMMA Amarelo foi apresentado ao mercado como uma nova gera\u00e7\u00e3o de segmentos e agregava ainda mais tecnologia.<\/p>\n<p>O filtro Amarelo minimiza, de forma sutil, os efeitos de Halos e Glare e traz maior qualidade de vida para os pacientes que se submetem ao implante de Anel de Ferrara\u2122.<\/p>\n<p>Al\u00e9m do filtro natural \u00e0 Luz Azul, O Anel de Ferrara\u2122 em PMMA Amarelo apresenta um \u00edndice de refra\u00e7\u00e3o mais pr\u00f3ximo ao da c\u00f3rnea. Desta forma a mudan\u00e7a de meio sofrida pela luz ao atravessar os segmentos sofre menor refra\u00e7\u00e3o sendo assim menos percept\u00edvel pelo paciente.<\/p>\n<\/div><\/div><\/div><\/div><\/div><div class=\"fusion-fullwidth fullwidth-box fusion-builder-row-3 fusion-flex-container nonhundred-percent-fullwidth non-hundred-percent-height-scrolling\" style=\"--awb-border-radius-top-left:0px;--awb-border-radius-top-right:0px;--awb-border-radius-bottom-right:0px;--awb-border-radius-bottom-left:0px;--awb-flex-wrap:wrap;\" ><div class=\"fusion-builder-row fusion-row fusion-flex-align-items-flex-start fusion-flex-content-wrap\" style=\"max-width:1248px;margin-left: calc(-4% \/ 2 );margin-right: calc(-4% \/ 2 );\"><div class=\"fusion-layout-column fusion_builder_column fusion-builder-column-3 fusion_builder_column_1_2 1_2 fusion-flex-column\" style=\"--awb-bg-size:cover;--awb-width-large:50%;--awb-margin-top-large:0px;--awb-spacing-right-large:3.84%;--awb-margin-bottom-large:20px;--awb-spacing-left-large:3.84%;--awb-width-medium:50%;--awb-order-medium:0;--awb-spacing-right-medium:3.84%;--awb-spacing-left-medium:3.84%;--awb-width-small:100%;--awb-order-small:0;--awb-spacing-right-small:1.92%;--awb-spacing-left-small:1.92%;\"><div class=\"fusion-column-wrapper fusion-column-has-shadow fusion-flex-justify-content-flex-start fusion-content-layout-column\"><div class=\"fusion-text fusion-text-3\"><h3>Desenho ilustrativo da Dispers\u00e3o ou Decomposi\u00e7\u00e3o da Luz pelo prisma.<\/h3>\n<\/div><\/div><\/div><div class=\"fusion-layout-column fusion_builder_column fusion-builder-column-4 fusion_builder_column_1_2 1_2 fusion-flex-column\" style=\"--awb-bg-size:cover;--awb-width-large:50%;--awb-margin-top-large:0px;--awb-spacing-right-large:3.84%;--awb-margin-bottom-large:20px;--awb-spacing-left-large:3.84%;--awb-width-medium:50%;--awb-order-medium:0;--awb-spacing-right-medium:3.84%;--awb-spacing-left-medium:3.84%;--awb-width-small:100%;--awb-order-small:0;--awb-spacing-right-small:1.92%;--awb-spacing-left-small:1.92%;\"><div class=\"fusion-column-wrapper fusion-column-has-shadow fusion-flex-justify-content-flex-start fusion-content-layout-column\"><div class=\"fusion-image-element \" style=\"--awb-caption-title-font-family:var(--h2_typography-font-family);--awb-caption-title-font-weight:var(--h2_typography-font-weight);--awb-caption-title-font-style:var(--h2_typography-font-style);--awb-caption-title-size:var(--h2_typography-font-size);--awb-caption-title-transform:var(--h2_typography-text-transform);--awb-caption-title-line-height:var(--h2_typography-line-height);--awb-caption-title-letter-spacing:var(--h2_typography-letter-spacing);\"><span class=\" fusion-imageframe imageframe-dropshadow imageframe-2 hover-type-none\" style=\"border-radius:5px;-webkit-box-shadow: 3px 3px 7px rgba(58,58,58,0.3);box-shadow: 3px 3px 7px rgba(58,58,58,0.3);\"><img decoding=\"async\" width=\"421\" height=\"285\" title=\"Floyd-1\" src=\"https:\/\/ferrararing.com.br\/medicos\/wp-content\/uploads\/sites\/6\/2017\/08\/Floyd-1.png\" alt class=\"img-responsive wp-image-100004679\" srcset=\"https:\/\/ferrararing.com.br\/medicos\/wp-content\/uploads\/sites\/6\/2017\/08\/Floyd-1-200x135.png 200w, https:\/\/ferrararing.com.br\/medicos\/wp-content\/uploads\/sites\/6\/2017\/08\/Floyd-1-400x271.png 400w, https:\/\/ferrararing.com.br\/medicos\/wp-content\/uploads\/sites\/6\/2017\/08\/Floyd-1.png 421w\" sizes=\"(max-width: 640px) 100vw, 421px\" \/><\/span><\/div><\/div><\/div><div class=\"fusion-layout-column fusion_builder_column fusion-builder-column-5 fusion_builder_column_1_1 1_1 fusion-flex-column\" style=\"--awb-bg-size:cover;--awb-width-large:100%;--awb-margin-top-large:0px;--awb-spacing-right-large:1.92%;--awb-margin-bottom-large:20px;--awb-spacing-left-large:1.92%;--awb-width-medium:100%;--awb-order-medium:0;--awb-spacing-right-medium:1.92%;--awb-spacing-left-medium:1.92%;--awb-width-small:100%;--awb-order-small:0;--awb-spacing-right-small:1.92%;--awb-spacing-left-small:1.92%;\"><div class=\"fusion-column-wrapper fusion-column-has-shadow fusion-flex-justify-content-flex-start fusion-content-layout-column\"><div class=\"fusion-text fusion-text-4\"><p>O Amarelo, cor secund\u00e1ria, \u00e9 composto pelas cores Verde e Vermelho e portanto complementar ao Azul. Esta analise nos permite concluir que o Amarelo \u00e9 um filtro natural \u00e0 luz azul e, quando adicionado a mat\u00e9ria prima que forma os segmentos de Anel de Ferrara\u2122, minimiza a forma\u00e7\u00e3o de halos e glare.<\/p>\n<\/div><\/div><\/div><\/div><\/div><div class=\"fusion-fullwidth fullwidth-box fusion-builder-row-4 fusion-flex-container nonhundred-percent-fullwidth non-hundred-percent-height-scrolling\" style=\"--awb-border-radius-top-left:0px;--awb-border-radius-top-right:0px;--awb-border-radius-bottom-right:0px;--awb-border-radius-bottom-left:0px;--awb-flex-wrap:wrap;\" ><div class=\"fusion-builder-row fusion-row fusion-flex-align-items-center fusion-flex-content-wrap\" style=\"max-width:1248px;margin-left: calc(-4% \/ 2 );margin-right: calc(-4% \/ 2 );\"><div class=\"fusion-layout-column fusion_builder_column fusion-builder-column-6 fusion_builder_column_1_2 1_2 fusion-flex-column\" style=\"--awb-bg-size:cover;--awb-width-large:50%;--awb-margin-top-large:0px;--awb-spacing-right-large:3.84%;--awb-margin-bottom-large:20px;--awb-spacing-left-large:3.84%;--awb-width-medium:50%;--awb-order-medium:0;--awb-spacing-right-medium:3.84%;--awb-spacing-left-medium:3.84%;--awb-width-small:100%;--awb-order-small:0;--awb-spacing-right-small:1.92%;--awb-spacing-left-small:1.92%;\"><div class=\"fusion-column-wrapper fusion-column-has-shadow fusion-flex-justify-content-flex-start fusion-content-layout-column\"><div class=\"fusion-image-element \" style=\"--awb-caption-title-font-family:var(--h2_typography-font-family);--awb-caption-title-font-weight:var(--h2_typography-font-weight);--awb-caption-title-font-style:var(--h2_typography-font-style);--awb-caption-title-size:var(--h2_typography-font-size);--awb-caption-title-transform:var(--h2_typography-text-transform);--awb-caption-title-line-height:var(--h2_typography-line-height);--awb-caption-title-letter-spacing:var(--h2_typography-letter-spacing);\"><span class=\" fusion-imageframe imageframe-dropshadow imageframe-3 hover-type-none\" style=\"border-radius:5px;-webkit-box-shadow: 3px 3px 7px rgba(58,58,58,0.3);box-shadow: 3px 3px 7px rgba(58,58,58,0.3);\"><img decoding=\"async\" width=\"486\" height=\"122\" title=\"Monet-1\" src=\"https:\/\/ferrararing.com.br\/medicos\/wp-content\/uploads\/sites\/6\/2017\/08\/Monet-1.png\" alt class=\"img-responsive wp-image-100004680\" srcset=\"https:\/\/ferrararing.com.br\/medicos\/wp-content\/uploads\/sites\/6\/2017\/08\/Monet-1-200x50.png 200w, https:\/\/ferrararing.com.br\/medicos\/wp-content\/uploads\/sites\/6\/2017\/08\/Monet-1-400x100.png 400w, https:\/\/ferrararing.com.br\/medicos\/wp-content\/uploads\/sites\/6\/2017\/08\/Monet-1.png 486w\" sizes=\"(max-width: 640px) 100vw, 486px\" \/><\/span><\/div><\/div><\/div><div class=\"fusion-layout-column fusion_builder_column fusion-builder-column-7 fusion_builder_column_1_2 1_2 fusion-flex-column\" style=\"--awb-bg-size:cover;--awb-width-large:50%;--awb-margin-top-large:0px;--awb-spacing-right-large:3.84%;--awb-margin-bottom-large:20px;--awb-spacing-left-large:3.84%;--awb-width-medium:50%;--awb-order-medium:0;--awb-spacing-right-medium:3.84%;--awb-spacing-left-medium:3.84%;--awb-width-small:100%;--awb-order-small:0;--awb-spacing-right-small:1.92%;--awb-spacing-left-small:1.92%;\"><div class=\"fusion-column-wrapper fusion-column-has-shadow fusion-flex-justify-content-flex-start fusion-content-layout-column\"><div class=\"fusion-text fusion-text-5\"><h3>Pintura de Monet da ponte japonesa em seu jardim em Giverny (1899)<\/h3>\n<\/div><\/div><\/div><div class=\"fusion-layout-column fusion_builder_column fusion-builder-column-8 fusion_builder_column_1_1 1_1 fusion-flex-column\" style=\"--awb-bg-size:cover;--awb-width-large:100%;--awb-margin-top-large:0px;--awb-spacing-right-large:1.92%;--awb-margin-bottom-large:20px;--awb-spacing-left-large:1.92%;--awb-width-medium:100%;--awb-order-medium:0;--awb-spacing-right-medium:1.92%;--awb-spacing-left-medium:1.92%;--awb-width-small:100%;--awb-order-small:0;--awb-spacing-right-small:1.92%;--awb-spacing-left-small:1.92%;\"><div class=\"fusion-column-wrapper fusion-column-has-shadow fusion-flex-justify-content-flex-start fusion-content-layout-column\"><div class=\"fusion-text fusion-text-6\"><p>A mesma cena (meio) que ele tentou capturar novamente entre 1918-1922 mostra que as cataratas turvaram sua vis\u00e3o e que o amarelamento das lentes de seus olhos prejudicaram sua vis\u00e3o do azul e do verde, deixando-o num mundo mais \u201cvermelho e marron\u201d. \u00c0 direita: Imagem computadorizada criada por especialistas mostrando como Monet enxergaria em 1924.<\/p>\n<\/div><\/div><\/div><\/div><\/div><\/p>\n","protected":false},"excerpt":{"rendered":"","protected":false},"author":1,"featured_media":100003875,"comment_status":"closed","ping_status":"closed","sticky":false,"template":"","format":"standard","meta":{"footnotes":""},"categories":[5],"tags":[],"class_list":["post-767","post","type-post","status-publish","format-standard","has-post-thumbnail","hentry","category-noticias"],"yoast_head":"<!-- This site is optimized with the Yoast SEO Premium plugin v24.5 (Yoast SEO v24.5) - https:\/\/yoast.com\/wordpress\/plugins\/seo\/ -->\n<title>O Anel de Ferrara\u2122 em PMMA Amarelo - M\u00e9dicos Ferrara Ring<\/title>\n<meta name=\"description\" content=\"Al\u00e9m do filtro natural \u00e0 Luz Azul, O Anel de Ferrara\u2122 em PMMA Amarelo apresenta um \u00edndice de refra\u00e7\u00e3o mais pr\u00f3ximo ao da c\u00f3rnea.\" \/>\n<meta name=\"robots\" content=\"index, follow, max-snippet:-1, max-image-preview:large, max-video-preview:-1\" \/>\n<link rel=\"canonical\" href=\"https:\/\/ferrararing.com.br\/medicos\/o-anel-de-ferrara-em-pmma-amarelo\/\" \/>\n<meta property=\"og:locale\" content=\"pt_BR\" \/>\n<meta property=\"og:type\" content=\"article\" \/>\n<meta property=\"og:title\" content=\"O Anel de Ferrara\u2122 em PMMA Amarelo\" \/>\n<meta property=\"og:description\" content=\"Al\u00e9m do filtro natural \u00e0 Luz Azul, O Anel de Ferrara\u2122 em PMMA Amarelo apresenta um \u00edndice de refra\u00e7\u00e3o mais pr\u00f3ximo ao da c\u00f3rnea.\" \/>\n<meta property=\"og:url\" content=\"https:\/\/ferrararing.com.br\/medicos\/o-anel-de-ferrara-em-pmma-amarelo\/\" \/>\n<meta property=\"og:site_name\" content=\"M\u00e9dicos Ferrara Ring\" \/>\n<meta property=\"article:publisher\" content=\"https:\/\/www.facebook.com\/ferrara.ring\" \/>\n<meta property=\"article:published_time\" content=\"2017-08-16T14:47:03+00:00\" \/>\n<meta property=\"article:modified_time\" content=\"2021-04-05T08:52:52+00:00\" \/>\n<meta property=\"og:image\" content=\"https:\/\/ferrararing.com.br\/medicos\/wp-content\/uploads\/sites\/6\/2021\/03\/ANELDEFERRARA-caixa-4.png\" \/>\n\t<meta property=\"og:image:width\" content=\"471\" \/>\n\t<meta property=\"og:image:height\" content=\"334\" \/>\n\t<meta property=\"og:image:type\" content=\"image\/png\" \/>\n<meta name=\"author\" content=\"Ferrara Admin\" \/>\n<meta name=\"twitter:card\" content=\"summary_large_image\" \/>\n<meta name=\"twitter:label1\" content=\"Escrito por\" \/>\n\t<meta name=\"twitter:data1\" content=\"Ferrara Admin\" \/>\n\t<meta name=\"twitter:label2\" content=\"Est. tempo de leitura\" \/>\n\t<meta name=\"twitter:data2\" content=\"20 minutos\" \/>\n<script type=\"application\/ld+json\" class=\"yoast-schema-graph\">{\"@context\":\"https:\/\/schema.org\",\"@graph\":[{\"@type\":\"Article\",\"@id\":\"https:\/\/ferrararing.com.br\/medicos\/o-anel-de-ferrara-em-pmma-amarelo\/#article\",\"isPartOf\":{\"@id\":\"https:\/\/ferrararing.com.br\/medicos\/o-anel-de-ferrara-em-pmma-amarelo\/\"},\"author\":{\"name\":\"Ferrara Admin\",\"@id\":\"https:\/\/ferrararing.com.br\/medicos\/#\/schema\/person\/5419c51f96613ebc40f96ecb2f05af13\"},\"headline\":\"O Anel de Ferrara\u2122 em PMMA Amarelo\",\"datePublished\":\"2017-08-16T14:47:03+00:00\",\"dateModified\":\"2021-04-05T08:52:52+00:00\",\"mainEntityOfPage\":{\"@id\":\"https:\/\/ferrararing.com.br\/medicos\/o-anel-de-ferrara-em-pmma-amarelo\/\"},\"wordCount\":3992,\"publisher\":{\"@id\":\"https:\/\/ferrararing.com.br\/medicos\/#organization\"},\"image\":{\"@id\":\"https:\/\/ferrararing.com.br\/medicos\/o-anel-de-ferrara-em-pmma-amarelo\/#primaryimage\"},\"thumbnailUrl\":\"https:\/\/ferrararing.com.br\/medicos\/wp-content\/uploads\/sites\/6\/2021\/03\/ANELDEFERRARA-caixa-4.png\",\"articleSection\":[\"Not\u00edcias\"],\"inLanguage\":\"pt-BR\"},{\"@type\":\"WebPage\",\"@id\":\"https:\/\/ferrararing.com.br\/medicos\/o-anel-de-ferrara-em-pmma-amarelo\/\",\"url\":\"https:\/\/ferrararing.com.br\/medicos\/o-anel-de-ferrara-em-pmma-amarelo\/\",\"name\":\"O Anel de Ferrara\u2122 em PMMA Amarelo - M\u00e9dicos Ferrara Ring\",\"isPartOf\":{\"@id\":\"https:\/\/ferrararing.com.br\/medicos\/#website\"},\"primaryImageOfPage\":{\"@id\":\"https:\/\/ferrararing.com.br\/medicos\/o-anel-de-ferrara-em-pmma-amarelo\/#primaryimage\"},\"image\":{\"@id\":\"https:\/\/ferrararing.com.br\/medicos\/o-anel-de-ferrara-em-pmma-amarelo\/#primaryimage\"},\"thumbnailUrl\":\"https:\/\/ferrararing.com.br\/medicos\/wp-content\/uploads\/sites\/6\/2021\/03\/ANELDEFERRARA-caixa-4.png\",\"datePublished\":\"2017-08-16T14:47:03+00:00\",\"dateModified\":\"2021-04-05T08:52:52+00:00\",\"description\":\"Al\u00e9m do filtro natural \u00e0 Luz Azul, O Anel de Ferrara\u2122 em PMMA Amarelo apresenta um \u00edndice de refra\u00e7\u00e3o mais pr\u00f3ximo ao da c\u00f3rnea.\",\"breadcrumb\":{\"@id\":\"https:\/\/ferrararing.com.br\/medicos\/o-anel-de-ferrara-em-pmma-amarelo\/#breadcrumb\"},\"inLanguage\":\"pt-BR\",\"potentialAction\":[{\"@type\":\"ReadAction\",\"target\":[\"https:\/\/ferrararing.com.br\/medicos\/o-anel-de-ferrara-em-pmma-amarelo\/\"]}]},{\"@type\":\"ImageObject\",\"inLanguage\":\"pt-BR\",\"@id\":\"https:\/\/ferrararing.com.br\/medicos\/o-anel-de-ferrara-em-pmma-amarelo\/#primaryimage\",\"url\":\"https:\/\/ferrararing.com.br\/medicos\/wp-content\/uploads\/sites\/6\/2021\/03\/ANELDEFERRARA-caixa-4.png\",\"contentUrl\":\"https:\/\/ferrararing.com.br\/medicos\/wp-content\/uploads\/sites\/6\/2021\/03\/ANELDEFERRARA-caixa-4.png\",\"width\":471,\"height\":334,\"caption\":\"Anel de Ferrara\"},{\"@type\":\"BreadcrumbList\",\"@id\":\"https:\/\/ferrararing.com.br\/medicos\/o-anel-de-ferrara-em-pmma-amarelo\/#breadcrumb\",\"itemListElement\":[{\"@type\":\"ListItem\",\"position\":1,\"name\":\"In\u00edcio\",\"item\":\"https:\/\/ferrararing.com.br\/medicos\/\"},{\"@type\":\"ListItem\",\"position\":2,\"name\":\"O Anel de Ferrara\u2122 em PMMA Amarelo\"}]},{\"@type\":\"WebSite\",\"@id\":\"https:\/\/ferrararing.com.br\/medicos\/#website\",\"url\":\"https:\/\/ferrararing.com.br\/medicos\/\",\"name\":\"M\u00e9dicos Ferrara Ring\",\"description\":\"\u00c1rea Restrita\",\"publisher\":{\"@id\":\"https:\/\/ferrararing.com.br\/medicos\/#organization\"},\"potentialAction\":[{\"@type\":\"SearchAction\",\"target\":{\"@type\":\"EntryPoint\",\"urlTemplate\":\"https:\/\/ferrararing.com.br\/medicos\/?s={search_term_string}\"},\"query-input\":{\"@type\":\"PropertyValueSpecification\",\"valueRequired\":true,\"valueName\":\"search_term_string\"}}],\"inLanguage\":\"pt-BR\"},{\"@type\":\"Organization\",\"@id\":\"https:\/\/ferrararing.com.br\/medicos\/#organization\",\"name\":\"Ferrara Ophthalmics\",\"url\":\"https:\/\/ferrararing.com.br\/medicos\/\",\"logo\":{\"@type\":\"ImageObject\",\"inLanguage\":\"pt-BR\",\"@id\":\"https:\/\/ferrararing.com.br\/medicos\/#\/schema\/logo\/image\/\",\"url\":\"\",\"contentUrl\":\"\",\"caption\":\"Ferrara Ophthalmics\"},\"image\":{\"@id\":\"https:\/\/ferrararing.com.br\/medicos\/#\/schema\/logo\/image\/\"},\"sameAs\":[\"https:\/\/www.facebook.com\/ferrara.ring\",\"https:\/\/www.instagram.com\/ferrara.ring\/\",\"https:\/\/www.youtube.com\/channel\/UCo-9gA533c3gGWVeV_VfjJQ\"]},{\"@type\":\"Person\",\"@id\":\"https:\/\/ferrararing.com.br\/medicos\/#\/schema\/person\/5419c51f96613ebc40f96ecb2f05af13\",\"name\":\"Ferrara Admin\",\"image\":{\"@type\":\"ImageObject\",\"inLanguage\":\"pt-BR\",\"@id\":\"https:\/\/ferrararing.com.br\/medicos\/#\/schema\/person\/image\/\",\"url\":\"https:\/\/secure.gravatar.com\/avatar\/be0d2173e64619d430733758d313290b?s=96&d=wp_user_avatar&r=g\",\"contentUrl\":\"https:\/\/secure.gravatar.com\/avatar\/be0d2173e64619d430733758d313290b?s=96&d=wp_user_avatar&r=g\",\"caption\":\"Ferrara Admin\"},\"sameAs\":[\"https:\/\/ferrararing.com.br\/medicos\/\"]}]}<\/script>\n<!-- \/ Yoast SEO Premium plugin. -->","yoast_head_json":{"title":"O Anel de Ferrara\u2122 em PMMA Amarelo - M\u00e9dicos Ferrara Ring","description":"Al\u00e9m do filtro natural \u00e0 Luz Azul, O Anel de Ferrara\u2122 em PMMA Amarelo apresenta um \u00edndice de refra\u00e7\u00e3o mais pr\u00f3ximo ao da c\u00f3rnea.","robots":{"index":"index","follow":"follow","max-snippet":"max-snippet:-1","max-image-preview":"max-image-preview:large","max-video-preview":"max-video-preview:-1"},"canonical":"https:\/\/ferrararing.com.br\/medicos\/o-anel-de-ferrara-em-pmma-amarelo\/","og_locale":"pt_BR","og_type":"article","og_title":"O Anel de Ferrara\u2122 em PMMA Amarelo","og_description":"Al\u00e9m do filtro natural \u00e0 Luz Azul, O Anel de Ferrara\u2122 em PMMA Amarelo apresenta um \u00edndice de refra\u00e7\u00e3o mais pr\u00f3ximo ao da c\u00f3rnea.","og_url":"https:\/\/ferrararing.com.br\/medicos\/o-anel-de-ferrara-em-pmma-amarelo\/","og_site_name":"M\u00e9dicos Ferrara Ring","article_publisher":"https:\/\/www.facebook.com\/ferrara.ring","article_published_time":"2017-08-16T14:47:03+00:00","article_modified_time":"2021-04-05T08:52:52+00:00","og_image":[{"width":471,"height":334,"url":"https:\/\/ferrararing.com.br\/medicos\/wp-content\/uploads\/sites\/6\/2021\/03\/ANELDEFERRARA-caixa-4.png","type":"image\/png"}],"author":"Ferrara Admin","twitter_card":"summary_large_image","twitter_misc":{"Escrito por":"Ferrara Admin","Est. tempo de leitura":"20 minutos"},"schema":{"@context":"https:\/\/schema.org","@graph":[{"@type":"Article","@id":"https:\/\/ferrararing.com.br\/medicos\/o-anel-de-ferrara-em-pmma-amarelo\/#article","isPartOf":{"@id":"https:\/\/ferrararing.com.br\/medicos\/o-anel-de-ferrara-em-pmma-amarelo\/"},"author":{"name":"Ferrara Admin","@id":"https:\/\/ferrararing.com.br\/medicos\/#\/schema\/person\/5419c51f96613ebc40f96ecb2f05af13"},"headline":"O Anel de Ferrara\u2122 em PMMA Amarelo","datePublished":"2017-08-16T14:47:03+00:00","dateModified":"2021-04-05T08:52:52+00:00","mainEntityOfPage":{"@id":"https:\/\/ferrararing.com.br\/medicos\/o-anel-de-ferrara-em-pmma-amarelo\/"},"wordCount":3992,"publisher":{"@id":"https:\/\/ferrararing.com.br\/medicos\/#organization"},"image":{"@id":"https:\/\/ferrararing.com.br\/medicos\/o-anel-de-ferrara-em-pmma-amarelo\/#primaryimage"},"thumbnailUrl":"https:\/\/ferrararing.com.br\/medicos\/wp-content\/uploads\/sites\/6\/2021\/03\/ANELDEFERRARA-caixa-4.png","articleSection":["Not\u00edcias"],"inLanguage":"pt-BR"},{"@type":"WebPage","@id":"https:\/\/ferrararing.com.br\/medicos\/o-anel-de-ferrara-em-pmma-amarelo\/","url":"https:\/\/ferrararing.com.br\/medicos\/o-anel-de-ferrara-em-pmma-amarelo\/","name":"O Anel de Ferrara\u2122 em PMMA Amarelo - M\u00e9dicos Ferrara Ring","isPartOf":{"@id":"https:\/\/ferrararing.com.br\/medicos\/#website"},"primaryImageOfPage":{"@id":"https:\/\/ferrararing.com.br\/medicos\/o-anel-de-ferrara-em-pmma-amarelo\/#primaryimage"},"image":{"@id":"https:\/\/ferrararing.com.br\/medicos\/o-anel-de-ferrara-em-pmma-amarelo\/#primaryimage"},"thumbnailUrl":"https:\/\/ferrararing.com.br\/medicos\/wp-content\/uploads\/sites\/6\/2021\/03\/ANELDEFERRARA-caixa-4.png","datePublished":"2017-08-16T14:47:03+00:00","dateModified":"2021-04-05T08:52:52+00:00","description":"Al\u00e9m do filtro natural \u00e0 Luz Azul, O Anel de Ferrara\u2122 em PMMA Amarelo apresenta um \u00edndice de refra\u00e7\u00e3o mais pr\u00f3ximo ao da c\u00f3rnea.","breadcrumb":{"@id":"https:\/\/ferrararing.com.br\/medicos\/o-anel-de-ferrara-em-pmma-amarelo\/#breadcrumb"},"inLanguage":"pt-BR","potentialAction":[{"@type":"ReadAction","target":["https:\/\/ferrararing.com.br\/medicos\/o-anel-de-ferrara-em-pmma-amarelo\/"]}]},{"@type":"ImageObject","inLanguage":"pt-BR","@id":"https:\/\/ferrararing.com.br\/medicos\/o-anel-de-ferrara-em-pmma-amarelo\/#primaryimage","url":"https:\/\/ferrararing.com.br\/medicos\/wp-content\/uploads\/sites\/6\/2021\/03\/ANELDEFERRARA-caixa-4.png","contentUrl":"https:\/\/ferrararing.com.br\/medicos\/wp-content\/uploads\/sites\/6\/2021\/03\/ANELDEFERRARA-caixa-4.png","width":471,"height":334,"caption":"Anel de Ferrara"},{"@type":"BreadcrumbList","@id":"https:\/\/ferrararing.com.br\/medicos\/o-anel-de-ferrara-em-pmma-amarelo\/#breadcrumb","itemListElement":[{"@type":"ListItem","position":1,"name":"In\u00edcio","item":"https:\/\/ferrararing.com.br\/medicos\/"},{"@type":"ListItem","position":2,"name":"O Anel de Ferrara\u2122 em PMMA Amarelo"}]},{"@type":"WebSite","@id":"https:\/\/ferrararing.com.br\/medicos\/#website","url":"https:\/\/ferrararing.com.br\/medicos\/","name":"M\u00e9dicos Ferrara Ring","description":"\u00c1rea Restrita","publisher":{"@id":"https:\/\/ferrararing.com.br\/medicos\/#organization"},"potentialAction":[{"@type":"SearchAction","target":{"@type":"EntryPoint","urlTemplate":"https:\/\/ferrararing.com.br\/medicos\/?s={search_term_string}"},"query-input":{"@type":"PropertyValueSpecification","valueRequired":true,"valueName":"search_term_string"}}],"inLanguage":"pt-BR"},{"@type":"Organization","@id":"https:\/\/ferrararing.com.br\/medicos\/#organization","name":"Ferrara Ophthalmics","url":"https:\/\/ferrararing.com.br\/medicos\/","logo":{"@type":"ImageObject","inLanguage":"pt-BR","@id":"https:\/\/ferrararing.com.br\/medicos\/#\/schema\/logo\/image\/","url":"","contentUrl":"","caption":"Ferrara Ophthalmics"},"image":{"@id":"https:\/\/ferrararing.com.br\/medicos\/#\/schema\/logo\/image\/"},"sameAs":["https:\/\/www.facebook.com\/ferrara.ring","https:\/\/www.instagram.com\/ferrara.ring\/","https:\/\/www.youtube.com\/channel\/UCo-9gA533c3gGWVeV_VfjJQ"]},{"@type":"Person","@id":"https:\/\/ferrararing.com.br\/medicos\/#\/schema\/person\/5419c51f96613ebc40f96ecb2f05af13","name":"Ferrara Admin","image":{"@type":"ImageObject","inLanguage":"pt-BR","@id":"https:\/\/ferrararing.com.br\/medicos\/#\/schema\/person\/image\/","url":"https:\/\/secure.gravatar.com\/avatar\/be0d2173e64619d430733758d313290b?s=96&d=wp_user_avatar&r=g","contentUrl":"https:\/\/secure.gravatar.com\/avatar\/be0d2173e64619d430733758d313290b?s=96&d=wp_user_avatar&r=g","caption":"Ferrara Admin"},"sameAs":["https:\/\/ferrararing.com.br\/medicos\/"]}]}},"_links":{"self":[{"href":"https:\/\/ferrararing.com.br\/medicos\/wp-json\/wp\/v2\/posts\/767","targetHints":{"allow":["GET"]}}],"collection":[{"href":"https:\/\/ferrararing.com.br\/medicos\/wp-json\/wp\/v2\/posts"}],"about":[{"href":"https:\/\/ferrararing.com.br\/medicos\/wp-json\/wp\/v2\/types\/post"}],"author":[{"embeddable":true,"href":"https:\/\/ferrararing.com.br\/medicos\/wp-json\/wp\/v2\/users\/1"}],"replies":[{"embeddable":true,"href":"https:\/\/ferrararing.com.br\/medicos\/wp-json\/wp\/v2\/comments?post=767"}],"version-history":[{"count":5,"href":"https:\/\/ferrararing.com.br\/medicos\/wp-json\/wp\/v2\/posts\/767\/revisions"}],"predecessor-version":[{"id":100004681,"href":"https:\/\/ferrararing.com.br\/medicos\/wp-json\/wp\/v2\/posts\/767\/revisions\/100004681"}],"wp:featuredmedia":[{"embeddable":true,"href":"https:\/\/ferrararing.com.br\/medicos\/wp-json\/wp\/v2\/media\/100003875"}],"wp:attachment":[{"href":"https:\/\/ferrararing.com.br\/medicos\/wp-json\/wp\/v2\/media?parent=767"}],"wp:term":[{"taxonomy":"category","embeddable":true,"href":"https:\/\/ferrararing.com.br\/medicos\/wp-json\/wp\/v2\/categories?post=767"},{"taxonomy":"post_tag","embeddable":true,"href":"https:\/\/ferrararing.com.br\/medicos\/wp-json\/wp\/v2\/tags?post=767"}],"curies":[{"name":"wp","href":"https:\/\/api.w.org\/{rel}","templated":true}]}}